{"id":884,"date":"2024-03-02T12:55:35","date_gmt":"2024-03-02T12:55:35","guid":{"rendered":"https:\/\/www.muratalikaravelioglu.com.tr\/?p=884"},"modified":"2025-09-01T11:46:56","modified_gmt":"2025-09-01T11:46:56","slug":"cinaralti-genclik-soylesileri-programi","status":"publish","type":"post","link":"https:\/\/www.muratalikaravelioglu.com.tr\/es\/cinaralti-genclik-soylesileri-programi\/","title":{"rendered":"Programa de charlas juveniles de \u00c7\u0131naralt\u0131"},"content":{"rendered":"<p><img loading=\"lazy\" decoding=\"async\" class=\"size-medium wp-image-885 alignleft\" src=\"https:\/\/www.muratalikaravelioglu.com.tr\/wp-content\/uploads\/2024\/03\/\u00c7\u0131naralt\u0131-Gen\u00e7lik-S\u00f6yle\u015fileri-Prof.Dr_.Murat-Karavelio\u011flu-300x188.jpg\" alt=\"\" width=\"300\" height=\"188\" srcset=\"https:\/\/www.muratalikaravelioglu.com.tr\/wp-content\/uploads\/2024\/03\/\u00c7\u0131naralt\u0131-Gen\u00e7lik-S\u00f6yle\u015fileri-Prof.Dr_.Murat-Karavelio\u011flu-300x188.jpg 300w, https:\/\/www.muratalikaravelioglu.com.tr\/wp-content\/uploads\/2024\/03\/\u00c7\u0131naralt\u0131-Gen\u00e7lik-S\u00f6yle\u015fileri-Prof.Dr_.Murat-Karavelio\u011flu-1024x643.jpg 1024w, https:\/\/www.muratalikaravelioglu.com.tr\/wp-content\/uploads\/2024\/03\/\u00c7\u0131naralt\u0131-Gen\u00e7lik-S\u00f6yle\u015fileri-Prof.Dr_.Murat-Karavelio\u011flu-768x482.jpg 768w, https:\/\/www.muratalikaravelioglu.com.tr\/wp-content\/uploads\/2024\/03\/\u00c7\u0131naralt\u0131-Gen\u00e7lik-S\u00f6yle\u015fileri-Prof.Dr_.Murat-Karavelio\u011flu.jpg 1201w\" sizes=\"auto, (max-width: 300px) 100vw, 300px\" \/><\/p>\n<p>El Prof. Dr. Murat Ali KARAVEL\u0130O\u011eLU asisti\u00f3 al programa de Charlas Juveniles de \u00c7\u0131naralt\u0131 organizado por la Direcci\u00f3n Provincial de I\u011fd\u0131r del Ministerio de Juventud y Deportes y pronunci\u00f3 un discurso titulado \"\u00bfC\u00f3mo debemos acercarnos a nuestros c\u00f3digos culturales?\".<\/p>\n<p>El programa Charlas Juveniles de \u00c7\u0131naralt\u0131 fue organizado por la Unidad de Educaci\u00f3n, Actividades Sociales y Culturales de la Direcci\u00f3n Provincial de Juventud y Deportes de I\u011fd\u0131r. Los estudiantes disfrutaron de un agradable aprendizaje con la participaci\u00f3n de profesores de la Universidad de I\u011fd\u0131r, el Prof. Dr. Murat Ali KARAVEL\u0130\u011eLU, la Prof. Asociada Dra. Nesrin G\u00dcLL\u00dcDA\u011e y el artista de ba\u011flama Serhat Akku\u015f.<br \/>\nEl programa finaliz\u00f3 con el Director Provincial Yusuf \u00c7ebi, la Gerente de Sucursal Sibel C\u00f6mert Baz y la Gerente del Dormitorio Oya Kas\u0131m entregando flores y placas a los participantes.<\/p>","protected":false},"excerpt":{"rendered":"<p>El Prof. Dr. Murat Ali Karavelio\u011flu particip\u00f3 en el programa 'Charlas Juveniles Bajo el \u00c1rbol de Chinar', organizado por la Direcci\u00f3n Provincial de Juventud y Deportes de I\u011fd\u0131r, y ofreci\u00f3 una conferencia titulada '\u00bfC\u00f3mo debemos acercarnos a nuestros c\u00f3digos culturales?'. El programa 'Charlas Juveniles Bajo el \u00c1rbol de Chinar' fue organizado por la Unidad de Actividades Educativas, Sociales y Culturales de la Direcci\u00f3n Provincial de Juventud y Deportes de I\u011fd\u0131r. El Profesor de la Universidad de I\u011fd\u0131r, Prof. Dr. Murat Ali Karavelio\u011flu, la Dr. Asociada Nesrin G\u00fcll\u00fcda\u011f y el artista de ba\u011flama Serhat [...]","protected":false},"author":1,"featured_media":885,"comment_status":"closed","ping_status":"open","sticky":false,"template":"","format":"standard","meta":{"ngg_post_thumbnail":0,"footnotes":""},"categories":[52],"tags":[],"class_list":["post-884","post","type-post","status-publish","format-standard","has-post-thumbnail","hentry","category-genel"],"yoast_head":"<!-- This site is optimized with the Yoast SEO Premium plugin v25.7.1 (Yoast SEO v26.1.1) - https:\/\/yoast.com\/wordpress\/plugins\/seo\/ -->\n<title>\u00c7\u0131naralt\u0131 Gen\u00e7lik S\u00f6yle\u015fileri Program\u0131 - Prof. Dr. Murat Ali Karavelio\u011flu<\/title>\n<meta name=\"robots\" content=\"index, follow, max-snippet:-1, max-image-preview:large, max-video-preview:-1\" \/>\n<link rel=\"canonical\" href=\"https:\/\/www.muratalikaravelioglu.com.tr\/es\/cinaralti-genclik-soylesileri-programi\/\" \/>\n<meta property=\"og:locale\" content=\"es_ES\" \/>\n<meta property=\"og:type\" content=\"article\" \/>\n<meta property=\"og:title\" content=\"\u00c7\u0131naralt\u0131 Gen\u00e7lik S\u00f6yle\u015fileri Program\u0131\" \/>\n<meta property=\"og:description\" content=\"Prof. Dr. Murat Ali KARAVEL\u0130O\u011eLU, Gen\u00e7lik ve Spor Bakanl\u0131\u011f\u0131 I\u011fd\u0131r \u0130l M\u00fcd\u00fcrl\u00fc\u011f\u00fc taraf\u0131ndan d\u00fczenlenen \u00c7\u0131naralt\u0131 Gen\u00e7lik S\u00f6yle\u015fileri program\u0131na kat\u0131larak &#8220;K\u00fclt\u00fcr Kodlar\u0131m\u0131za Nas\u0131l Yakla\u015fmal\u0131y\u0131z\/Yak\u0131nla\u015fmal\u0131y\u0131z?&#8221; ba\u015fl\u0131kl\u0131 bir&nbsp;konu\u015fma&nbsp;yapt\u0131. I\u011fd\u0131r Gen\u00e7lik ve Spor \u0130l M\u00fcd\u00fcrl\u00fc\u011f\u00fc E\u011fitim Sosyal K\u00fclt\u00fcrel Faaliyetler Birimi taraf\u0131ndan \u00c7\u0131naralt\u0131 Gen\u00e7lik S\u00f6yle\u015fileri program\u0131 d\u00fczenlenmi\u015ftir. I\u011fd\u0131r \u00dcniversitesi \u00d6gretim \u00fcyesi Prof.Dr. Murat Ali KARAVEL\u0130\u011eLU,Do\u00e7.Dr.Nesrin G\u00dcLL\u00dcDA\u011e ve Ba\u011flama Sanat\u00e7\u0131s\u0131 Serhat [...]\" \/>\n<meta property=\"og:url\" content=\"https:\/\/www.muratalikaravelioglu.com.tr\/es\/cinaralti-genclik-soylesileri-programi\/\" \/>\n<meta property=\"og:site_name\" content=\"Prof. Dr. Murat Ali Karavelio\u011flu\" \/>\n<meta property=\"article:published_time\" content=\"2024-03-02T12:55:35+00:00\" \/>\n<meta property=\"article:modified_time\" content=\"2025-09-01T11:46:56+00:00\" \/>\n<meta property=\"og:image\" content=\"https:\/\/www.muratalikaravelioglu.com.tr\/wp-content\/uploads\/2024\/03\/\u00c7\u0131naralt\u0131-Gen\u00e7lik-S\u00f6yle\u015fileri-Prof.Dr_.Murat-Karavelio\u011flu.jpg\" \/>\n\t<meta property=\"og:image:width\" content=\"1201\" \/>\n\t<meta property=\"og:image:height\" content=\"754\" \/>\n\t<meta property=\"og:image:type\" content=\"image\/jpeg\" \/>\n<meta name=\"author\" content=\"admin-secure\" \/>\n<meta name=\"twitter:card\" content=\"summary_large_image\" \/>\n<meta name=\"twitter:label1\" content=\"Escrito por\" \/>\n\t<meta name=\"twitter:data1\" content=\"admin-secure\" \/>\n\t<meta name=\"twitter:label2\" content=\"Tiempo de lectura\" \/>\n\t<meta name=\"twitter:data2\" content=\"1 minuto\" \/>\n<script type=\"application\/ld+json\" class=\"yoast-schema-graph\">{\"@context\":\"https:\/\/schema.org\",\"@graph\":[{\"@type\":\"WebPage\",\"@id\":\"https:\/\/www.muratalikaravelioglu.com.tr\/cinaralti-genclik-soylesileri-programi\/\",\"url\":\"https:\/\/www.muratalikaravelioglu.com.tr\/cinaralti-genclik-soylesileri-programi\/\",\"name\":\"\u00c7\u0131naralt\u0131 Gen\u00e7lik S\u00f6yle\u015fileri Program\u0131 - Prof. Dr. Murat Ali Karavelio\u011flu\",\"isPartOf\":{\"@id\":\"https:\/\/www.muratalikaravelioglu.com.tr\/#website\"},\"primaryImageOfPage\":{\"@id\":\"https:\/\/www.muratalikaravelioglu.com.tr\/cinaralti-genclik-soylesileri-programi\/#primaryimage\"},\"image\":{\"@id\":\"https:\/\/www.muratalikaravelioglu.com.tr\/cinaralti-genclik-soylesileri-programi\/#primaryimage\"},\"thumbnailUrl\":\"https:\/\/www.muratalikaravelioglu.com.tr\/wp-content\/uploads\/2024\/03\/\u00c7\u0131naralt\u0131-Gen\u00e7lik-S\u00f6yle\u015fileri-Prof.Dr_.Murat-Karavelio\u011flu.jpg\",\"datePublished\":\"2024-03-02T12:55:35+00:00\",\"dateModified\":\"2025-09-01T11:46:56+00:00\",\"author\":{\"@id\":\"https:\/\/www.muratalikaravelioglu.com.tr\/#\/schema\/person\/71220960d2943c9c9e8efdc905c9b433\"},\"breadcrumb\":{\"@id\":\"https:\/\/www.muratalikaravelioglu.com.tr\/cinaralti-genclik-soylesileri-programi\/#breadcrumb\"},\"inLanguage\":\"es\",\"potentialAction\":[{\"@type\":\"ReadAction\",\"target\":[\"https:\/\/www.muratalikaravelioglu.com.tr\/cinaralti-genclik-soylesileri-programi\/\"]}]},{\"@type\":\"ImageObject\",\"inLanguage\":\"es\",\"@id\":\"https:\/\/www.muratalikaravelioglu.com.tr\/cinaralti-genclik-soylesileri-programi\/#primaryimage\",\"url\":\"https:\/\/www.muratalikaravelioglu.com.tr\/wp-content\/uploads\/2024\/03\/\u00c7\u0131naralt\u0131-Gen\u00e7lik-S\u00f6yle\u015fileri-Prof.Dr_.Murat-Karavelio\u011flu.jpg\",\"contentUrl\":\"https:\/\/www.muratalikaravelioglu.com.tr\/wp-content\/uploads\/2024\/03\/\u00c7\u0131naralt\u0131-Gen\u00e7lik-S\u00f6yle\u015fileri-Prof.Dr_.Murat-Karavelio\u011flu.jpg\",\"width\":1201,\"height\":754},{\"@type\":\"BreadcrumbList\",\"@id\":\"https:\/\/www.muratalikaravelioglu.com.tr\/cinaralti-genclik-soylesileri-programi\/#breadcrumb\",\"itemListElement\":[{\"@type\":\"ListItem\",\"position\":1,\"name\":\"Ana sayfa\",\"item\":\"https:\/\/www.muratalikaravelioglu.com.tr\/\"},{\"@type\":\"ListItem\",\"position\":2,\"name\":\"\u00c7\u0131naralt\u0131 Gen\u00e7lik S\u00f6yle\u015fileri Program\u0131\"}]},{\"@type\":\"WebSite\",\"@id\":\"https:\/\/www.muratalikaravelioglu.com.tr\/#website\",\"url\":\"https:\/\/www.muratalikaravelioglu.com.tr\/\",\"name\":\"Prof. Dr. Murat Ali Karavelio\u011flu\",\"description\":\"\",\"potentialAction\":[{\"@type\":\"SearchAction\",\"target\":{\"@type\":\"EntryPoint\",\"urlTemplate\":\"https:\/\/www.muratalikaravelioglu.com.tr\/?s={search_term_string}\"},\"query-input\":{\"@type\":\"PropertyValueSpecification\",\"valueRequired\":true,\"valueName\":\"search_term_string\"}}],\"inLanguage\":\"es\"},{\"@type\":\"Person\",\"@id\":\"https:\/\/www.muratalikaravelioglu.com.tr\/#\/schema\/person\/71220960d2943c9c9e8efdc905c9b433\",\"name\":\"admin-secure\",\"image\":{\"@type\":\"ImageObject\",\"inLanguage\":\"es\",\"@id\":\"https:\/\/www.muratalikaravelioglu.com.tr\/#\/schema\/person\/image\/\",\"url\":\"https:\/\/secure.gravatar.com\/avatar\/a64dc2d754a5ff1943b32f01bbee579901c565c1f49a91fb943b5ca23386451d?s=96&d=mm&r=g\",\"contentUrl\":\"https:\/\/secure.gravatar.com\/avatar\/a64dc2d754a5ff1943b32f01bbee579901c565c1f49a91fb943b5ca23386451d?s=96&d=mm&r=g\",\"caption\":\"admin-secure\"},\"url\":\"https:\/\/www.muratalikaravelioglu.com.tr\/es\/author\/admin-secure\/\"}]}<\/script>\n<!-- \/ Yoast SEO Premium plugin. -->","yoast_head_json":{"title":"\u00c7\u0131naralt\u0131 Gen\u00e7lik S\u00f6yle\u015fileri Program\u0131 - Prof. Dr. Murat Ali Karavelio\u011flu","robots":{"index":"index","follow":"follow","max-snippet":"max-snippet:-1","max-image-preview":"max-image-preview:large","max-video-preview":"max-video-preview:-1"},"canonical":"https:\/\/www.muratalikaravelioglu.com.tr\/es\/cinaralti-genclik-soylesileri-programi\/","og_locale":"es_ES","og_type":"article","og_title":"\u00c7\u0131naralt\u0131 Gen\u00e7lik S\u00f6yle\u015fileri Program\u0131","og_description":"Prof. Dr. Murat Ali KARAVEL\u0130O\u011eLU, Gen\u00e7lik ve Spor Bakanl\u0131\u011f\u0131 I\u011fd\u0131r \u0130l M\u00fcd\u00fcrl\u00fc\u011f\u00fc taraf\u0131ndan d\u00fczenlenen \u00c7\u0131naralt\u0131 Gen\u00e7lik S\u00f6yle\u015fileri program\u0131na kat\u0131larak &#8220;K\u00fclt\u00fcr Kodlar\u0131m\u0131za Nas\u0131l Yakla\u015fmal\u0131y\u0131z\/Yak\u0131nla\u015fmal\u0131y\u0131z?&#8221; ba\u015fl\u0131kl\u0131 bir&nbsp;konu\u015fma&nbsp;yapt\u0131. I\u011fd\u0131r Gen\u00e7lik ve Spor \u0130l M\u00fcd\u00fcrl\u00fc\u011f\u00fc E\u011fitim Sosyal K\u00fclt\u00fcrel Faaliyetler Birimi taraf\u0131ndan \u00c7\u0131naralt\u0131 Gen\u00e7lik S\u00f6yle\u015fileri program\u0131 d\u00fczenlenmi\u015ftir. I\u011fd\u0131r \u00dcniversitesi \u00d6gretim \u00fcyesi Prof.Dr. Murat Ali KARAVEL\u0130\u011eLU,Do\u00e7.Dr.Nesrin G\u00dcLL\u00dcDA\u011e ve Ba\u011flama Sanat\u00e7\u0131s\u0131 Serhat [...]","og_url":"https:\/\/www.muratalikaravelioglu.com.tr\/es\/cinaralti-genclik-soylesileri-programi\/","og_site_name":"Prof. Dr. Murat Ali Karavelio\u011flu","article_published_time":"2024-03-02T12:55:35+00:00","article_modified_time":"2025-09-01T11:46:56+00:00","og_image":[{"width":1201,"height":754,"url":"https:\/\/www.muratalikaravelioglu.com.tr\/wp-content\/uploads\/2024\/03\/\u00c7\u0131naralt\u0131-Gen\u00e7lik-S\u00f6yle\u015fileri-Prof.Dr_.Murat-Karavelio\u011flu.jpg","type":"image\/jpeg"}],"author":"admin-secure","twitter_card":"summary_large_image","twitter_misc":{"Escrito por":"admin-secure","Tiempo de lectura":"1 minuto"},"schema":{"@context":"https:\/\/schema.org","@graph":[{"@type":"WebPage","@id":"https:\/\/www.muratalikaravelioglu.com.tr\/cinaralti-genclik-soylesileri-programi\/","url":"https:\/\/www.muratalikaravelioglu.com.tr\/cinaralti-genclik-soylesileri-programi\/","name":"\u00c7\u0131naralt\u0131 Gen\u00e7lik S\u00f6yle\u015fileri Program\u0131 - Prof. Dr. Murat Ali Karavelio\u011flu","isPartOf":{"@id":"https:\/\/www.muratalikaravelioglu.com.tr\/#website"},"primaryImageOfPage":{"@id":"https:\/\/www.muratalikaravelioglu.com.tr\/cinaralti-genclik-soylesileri-programi\/#primaryimage"},"image":{"@id":"https:\/\/www.muratalikaravelioglu.com.tr\/cinaralti-genclik-soylesileri-programi\/#primaryimage"},"thumbnailUrl":"https:\/\/www.muratalikaravelioglu.com.tr\/wp-content\/uploads\/2024\/03\/\u00c7\u0131naralt\u0131-Gen\u00e7lik-S\u00f6yle\u015fileri-Prof.Dr_.Murat-Karavelio\u011flu.jpg","datePublished":"2024-03-02T12:55:35+00:00","dateModified":"2025-09-01T11:46:56+00:00","author":{"@id":"https:\/\/www.muratalikaravelioglu.com.tr\/#\/schema\/person\/71220960d2943c9c9e8efdc905c9b433"},"breadcrumb":{"@id":"https:\/\/www.muratalikaravelioglu.com.tr\/cinaralti-genclik-soylesileri-programi\/#breadcrumb"},"inLanguage":"es","potentialAction":[{"@type":"ReadAction","target":["https:\/\/www.muratalikaravelioglu.com.tr\/cinaralti-genclik-soylesileri-programi\/"]}]},{"@type":"ImageObject","inLanguage":"es","@id":"https:\/\/www.muratalikaravelioglu.com.tr\/cinaralti-genclik-soylesileri-programi\/#primaryimage","url":"https:\/\/www.muratalikaravelioglu.com.tr\/wp-content\/uploads\/2024\/03\/\u00c7\u0131naralt\u0131-Gen\u00e7lik-S\u00f6yle\u015fileri-Prof.Dr_.Murat-Karavelio\u011flu.jpg","contentUrl":"https:\/\/www.muratalikaravelioglu.com.tr\/wp-content\/uploads\/2024\/03\/\u00c7\u0131naralt\u0131-Gen\u00e7lik-S\u00f6yle\u015fileri-Prof.Dr_.Murat-Karavelio\u011flu.jpg","width":1201,"height":754},{"@type":"BreadcrumbList","@id":"https:\/\/www.muratalikaravelioglu.com.tr\/cinaralti-genclik-soylesileri-programi\/#breadcrumb","itemListElement":[{"@type":"ListItem","position":1,"name":"Ana sayfa","item":"https:\/\/www.muratalikaravelioglu.com.tr\/"},{"@type":"ListItem","position":2,"name":"\u00c7\u0131naralt\u0131 Gen\u00e7lik S\u00f6yle\u015fileri Program\u0131"}]},{"@type":"WebSite","@id":"https:\/\/www.muratalikaravelioglu.com.tr\/#website","url":"https:\/\/www.muratalikaravelioglu.com.tr\/","name":"Prof. Dr. Murat Ali Karavelio\u011flu","description":"","potentialAction":[{"@type":"SearchAction","target":{"@type":"EntryPoint","urlTemplate":"https:\/\/www.muratalikaravelioglu.com.tr\/?s={search_term_string}"},"query-input":{"@type":"PropertyValueSpecification","valueRequired":true,"valueName":"search_term_string"}}],"inLanguage":"es"},{"@type":"Person","@id":"https:\/\/www.muratalikaravelioglu.com.tr\/#\/schema\/person\/71220960d2943c9c9e8efdc905c9b433","name":"admin-secure","image":{"@type":"ImageObject","inLanguage":"es","@id":"https:\/\/www.muratalikaravelioglu.com.tr\/#\/schema\/person\/image\/","url":"https:\/\/secure.gravatar.com\/avatar\/a64dc2d754a5ff1943b32f01bbee579901c565c1f49a91fb943b5ca23386451d?s=96&d=mm&r=g","contentUrl":"https:\/\/secure.gravatar.com\/avatar\/a64dc2d754a5ff1943b32f01bbee579901c565c1f49a91fb943b5ca23386451d?s=96&d=mm&r=g","caption":"admin-secure"},"url":"https:\/\/www.muratalikaravelioglu.com.tr\/es\/author\/admin-secure\/"}]}},"_links":{"self":[{"href":"https:\/\/www.muratalikaravelioglu.com.tr\/es\/wp-json\/wp\/v2\/posts\/884","targetHints":{"allow":["GET"]}}],"collection":[{"href":"https:\/\/www.muratalikaravelioglu.com.tr\/es\/wp-json\/wp\/v2\/posts"}],"about":[{"href":"https:\/\/www.muratalikaravelioglu.com.tr\/es\/wp-json\/wp\/v2\/types\/post"}],"author":[{"embeddable":true,"href":"https:\/\/www.muratalikaravelioglu.com.tr\/es\/wp-json\/wp\/v2\/users\/1"}],"replies":[{"embeddable":true,"href":"https:\/\/www.muratalikaravelioglu.com.tr\/es\/wp-json\/wp\/v2\/comments?post=884"}],"version-history":[{"count":2,"href":"https:\/\/www.muratalikaravelioglu.com.tr\/es\/wp-json\/wp\/v2\/posts\/884\/revisions"}],"predecessor-version":[{"id":887,"href":"https:\/\/www.muratalikaravelioglu.com.tr\/es\/wp-json\/wp\/v2\/posts\/884\/revisions\/887"}],"wp:featuredmedia":[{"embeddable":true,"href":"https:\/\/www.muratalikaravelioglu.com.tr\/es\/wp-json\/wp\/v2\/media\/885"}],"wp:attachment":[{"href":"https:\/\/www.muratalikaravelioglu.com.tr\/es\/wp-json\/wp\/v2\/media?parent=884"}],"wp:term":[{"taxonomy":"category","embeddable":true,"href":"https:\/\/www.muratalikaravelioglu.com.tr\/es\/wp-json\/wp\/v2\/categories?post=884"},{"taxonomy":"post_tag","embeddable":true,"href":"https:\/\/www.muratalikaravelioglu.com.tr\/es\/wp-json\/wp\/v2\/tags?post=884"}],"curies":[{"name":"wp","href":"https:\/\/api.w.org\/{rel}","templated":true}]}}