{"id":773,"date":"2022-03-21T18:04:37","date_gmt":"2022-03-21T18:04:37","guid":{"rendered":"https:\/\/www.muratalikaravelioglu.com.tr\/?p=773"},"modified":"2025-09-03T14:26:46","modified_gmt":"2025-09-03T14:26:46","slug":"18-mart-canakkale-zaferinin-107-yildonumunde-kahraman-sehitlerimiz-anildi","status":"publish","type":"post","link":"https:\/\/www.muratalikaravelioglu.com.tr\/es\/18-mart-canakkale-zaferinin-107-yildonumunde-kahraman-sehitlerimiz-anildi\/","title":{"rendered":"Nuestros heroicos m\u00e1rtires conmemorados en el 107\u00ba aniversario de la victoria de \u00c7anakkale del 18 de marzo"},"content":{"rendered":"El panel \"\u00c7anakkale: Una Epopeya\" se celebr\u00f3 en el Sal\u00f3n de Actos de los M\u00e1rtires del 15 de Julio, en el Campus Karaa\u011fa\u00e7 de nuestra universidad, para conmemorar el 107.\u00ba aniversario de la Victoria de \u00c7anakkale.\n\nEl panel, organizado conjuntamente por la Universidad de I\u011fd\u0131r y la Oficina del Gobernador de I\u011fd\u0131r, con el apoyo de la Sociedad de Historia Social, la Sociedad de Literatura y el Centro de Aplicaci\u00f3n e Investigaci\u00f3n Ja'fari (CAMER), cont\u00f3 con la presencia del vicegobernador de I\u011fd\u0131r, \u00d6mer Said Karaka\u015f; el vicerrector de nuestra universidad, Prof. Dr. Selahattin \u00c7elebi; funcionarios provinciales, funcionarios institucionales, estudiantes y ciudadanos.\r\n\r\n<img loading=\"lazy\" decoding=\"async\" class=\"size-medium wp-image-774 alignleft\" src=\"https:\/\/www.muratalikaravelioglu.com.tr\/wp-content\/uploads\/2022\/03\/\u00e7anakkale-300x200.jpeg\" alt=\"\" width=\"300\" height=\"200\" srcset=\"https:\/\/www.muratalikaravelioglu.com.tr\/wp-content\/uploads\/2022\/03\/\u00e7anakkale-300x200.jpeg 300w, https:\/\/www.muratalikaravelioglu.com.tr\/wp-content\/uploads\/2022\/03\/\u00e7anakkale-768x512.jpeg 768w, https:\/\/www.muratalikaravelioglu.com.tr\/wp-content\/uploads\/2022\/03\/\u00e7anakkale.jpeg 1024w\" sizes=\"auto, (max-width: 300px) 100vw, 300px\" \/>El programa comenz\u00f3 con un momento de silencio en memoria de nuestros m\u00e1rtires y la entonaci\u00f3n del Himno Nacional. Continu\u00f3 con la recitaci\u00f3n del Cor\u00e1n y oraciones a cargo de Zeki T\u00fcmay, presidente de la Asociaci\u00f3n de Eruditos Ahl al-Bayt, en memoria de nuestro Gran L\u00edder Mustafa Kemal Atat\u00fcrk y sus heroicos compa\u00f1eros de armas. El director de CAMER, Alaaddin Yanarda\u011f, moder\u00f3 a los panelistas: el Coronel Superior de Infanter\u00eda retirado Cengiz \u015eeyran, el Prof. Dr. Murat Ali Karavelio\u011flu, el Prof. Asociado Dr. Zeki Tan, el Dr. Halit Ba\u015f y el periodista y escritor Akay Akta\u015f.\n\nLos discursos enfatizaron que la Batalla Naval de Gal\u00edpoli marc\u00f3 un hito en la historia mundial y turca, y que hoy en d\u00eda se pueden aprender muchas lecciones importantes de esta victoria. El programa tambi\u00e9n abord\u00f3 los aspectos literarios, hist\u00f3ricos, pol\u00edticos y espirituales de la guerra. El programa concluy\u00f3 con la entrega de regalos y una foto conmemorativa.","protected":false},"excerpt":{"rendered":"<p>Para conmemorar el 107.\u00ba aniversario de la Victoria de \u00c7anakkale, se celebr\u00f3 un panel titulado \"\u00c7anakkale es una epopeya\" en el Sal\u00f3n de Conferencias de los M\u00e1rtires del 15 de Julio, en el campus de Karaa\u011fa\u00e7 de nuestra universidad. Con el apoyo de la Sociedad de Historia Social, la Sociedad de Literatura y el Centro de Aplicaci\u00f3n e Investigaci\u00f3n Caferi (CAMER), y en colaboraci\u00f3n con la Universidad de I\u011fd\u0131r y la Gobernaci\u00f3n de I\u011fd\u0131r, asistieron al panel el vicegobernador de I\u011fd\u0131r, \u00d6mer Said Karaka\u015f; el vicerrector de nuestra universidad, el Prof. Dr. Selahattin \u00c7elebi; funcionarios provinciales, [\u2026]","protected":false},"author":1,"featured_media":774,"comment_status":"closed","ping_status":"open","sticky":false,"template":"","format":"standard","meta":{"ngg_post_thumbnail":0,"footnotes":""},"categories":[1],"tags":[32],"class_list":["post-773","post","type-post","status-publish","format-standard","has-post-thumbnail","hentry","category-video","tag-canakkale-zaferinin-107-yildonumu"],"yoast_head":"<!-- This site is optimized with the Yoast SEO Premium plugin v25.7.1 (Yoast SEO v26.1.1) - https:\/\/yoast.com\/wordpress\/plugins\/seo\/ -->\n<title>18 Mart \u00c7anakkale Zaferi\u2019nin 107. Y\u0131ld\u00f6n\u00fcm\u00fcnde Kahraman \u015eehitlerimiz An\u0131ld\u0131 - Prof. Dr. Murat Ali Karavelio\u011flu<\/title>\n<meta name=\"robots\" content=\"index, follow, max-snippet:-1, max-image-preview:large, max-video-preview:-1\" \/>\n<link rel=\"canonical\" href=\"https:\/\/www.muratalikaravelioglu.com.tr\/es\/18-mart-canakkale-zaferinin-107-yildonumunde-kahraman-sehitlerimiz-anildi\/\" \/>\n<meta property=\"og:locale\" content=\"es_ES\" \/>\n<meta property=\"og:type\" content=\"article\" \/>\n<meta property=\"og:title\" content=\"18 Mart \u00c7anakkale Zaferi\u2019nin 107. Y\u0131ld\u00f6n\u00fcm\u00fcnde Kahraman \u015eehitlerimiz An\u0131ld\u0131\" \/>\n<meta property=\"og:description\" content=\"\u00c7anakkale Zaferi\u2019nin 107. Y\u0131ld\u00f6n\u00fcm\u00fc dolay\u0131s\u0131yla \u00dcniversitemiz Karaa\u011fa\u00e7 Kamp\u00fcs\u00fc 15 Temmuz \u015eehitleri Konferans Salonu\u2019nda&nbsp; &#8220;Bir Destand\u0131r \u00c7anakkale&#8221; konulu panel d\u00fczenlendi. Sosyal Tarih Toplulu\u011fu, Edebiyat Toplulu\u011fu ve Caferilik Uygulama ve Ara\u015ft\u0131rma Merkezinin (CAMER) destekleri, I\u011fd\u0131r \u00dcniversitesi ve I\u011fd\u0131r Valili\u011fi ortakl\u0131\u011f\u0131nda ger\u00e7ekle\u015ftirilen panele I\u011fd\u0131r Vali Yard\u0131mc\u0131s\u0131 \u00d6mer Said Karaka\u015f, \u00dcniversitemiz Rekt\u00f6r Vekili Prof. Dr. Selahattin \u00c7elebi, il protokol\u00fc, [...]\" \/>\n<meta property=\"og:url\" content=\"https:\/\/www.muratalikaravelioglu.com.tr\/es\/18-mart-canakkale-zaferinin-107-yildonumunde-kahraman-sehitlerimiz-anildi\/\" \/>\n<meta property=\"og:site_name\" content=\"Prof. Dr. Murat Ali Karavelio\u011flu\" \/>\n<meta property=\"article:published_time\" content=\"2022-03-21T18:04:37+00:00\" \/>\n<meta property=\"article:modified_time\" content=\"2025-09-03T14:26:46+00:00\" \/>\n<meta property=\"og:image\" content=\"https:\/\/www.muratalikaravelioglu.com.tr\/wp-content\/uploads\/2022\/03\/\u00e7anakkale.jpeg\" \/>\n\t<meta property=\"og:image:width\" content=\"1024\" \/>\n\t<meta property=\"og:image:height\" content=\"682\" \/>\n\t<meta property=\"og:image:type\" content=\"image\/jpeg\" \/>\n<meta name=\"author\" content=\"admin-secure\" \/>\n<meta name=\"twitter:card\" content=\"summary_large_image\" \/>\n<meta name=\"twitter:label1\" content=\"Escrito por\" \/>\n\t<meta name=\"twitter:data1\" content=\"admin-secure\" \/>\n\t<meta name=\"twitter:label2\" content=\"Tiempo de lectura\" \/>\n\t<meta name=\"twitter:data2\" content=\"2 minutos\" \/>\n<script type=\"application\/ld+json\" class=\"yoast-schema-graph\">{\"@context\":\"https:\/\/schema.org\",\"@graph\":[{\"@type\":\"WebPage\",\"@id\":\"https:\/\/www.muratalikaravelioglu.com.tr\/18-mart-canakkale-zaferinin-107-yildonumunde-kahraman-sehitlerimiz-anildi\/\",\"url\":\"https:\/\/www.muratalikaravelioglu.com.tr\/18-mart-canakkale-zaferinin-107-yildonumunde-kahraman-sehitlerimiz-anildi\/\",\"name\":\"18 Mart \u00c7anakkale Zaferi\u2019nin 107. Y\u0131ld\u00f6n\u00fcm\u00fcnde Kahraman \u015eehitlerimiz An\u0131ld\u0131 - Prof. Dr. Murat Ali Karavelio\u011flu\",\"isPartOf\":{\"@id\":\"https:\/\/www.muratalikaravelioglu.com.tr\/#website\"},\"primaryImageOfPage\":{\"@id\":\"https:\/\/www.muratalikaravelioglu.com.tr\/18-mart-canakkale-zaferinin-107-yildonumunde-kahraman-sehitlerimiz-anildi\/#primaryimage\"},\"image\":{\"@id\":\"https:\/\/www.muratalikaravelioglu.com.tr\/18-mart-canakkale-zaferinin-107-yildonumunde-kahraman-sehitlerimiz-anildi\/#primaryimage\"},\"thumbnailUrl\":\"https:\/\/www.muratalikaravelioglu.com.tr\/wp-content\/uploads\/2022\/03\/\u00e7anakkale.jpeg\",\"datePublished\":\"2022-03-21T18:04:37+00:00\",\"dateModified\":\"2025-09-03T14:26:46+00:00\",\"author\":{\"@id\":\"https:\/\/www.muratalikaravelioglu.com.tr\/#\/schema\/person\/71220960d2943c9c9e8efdc905c9b433\"},\"breadcrumb\":{\"@id\":\"https:\/\/www.muratalikaravelioglu.com.tr\/18-mart-canakkale-zaferinin-107-yildonumunde-kahraman-sehitlerimiz-anildi\/#breadcrumb\"},\"inLanguage\":\"es\",\"potentialAction\":[{\"@type\":\"ReadAction\",\"target\":[\"https:\/\/www.muratalikaravelioglu.com.tr\/18-mart-canakkale-zaferinin-107-yildonumunde-kahraman-sehitlerimiz-anildi\/\"]}]},{\"@type\":\"ImageObject\",\"inLanguage\":\"es\",\"@id\":\"https:\/\/www.muratalikaravelioglu.com.tr\/18-mart-canakkale-zaferinin-107-yildonumunde-kahraman-sehitlerimiz-anildi\/#primaryimage\",\"url\":\"https:\/\/www.muratalikaravelioglu.com.tr\/wp-content\/uploads\/2022\/03\/\u00e7anakkale.jpeg\",\"contentUrl\":\"https:\/\/www.muratalikaravelioglu.com.tr\/wp-content\/uploads\/2022\/03\/\u00e7anakkale.jpeg\",\"width\":1024,\"height\":682},{\"@type\":\"BreadcrumbList\",\"@id\":\"https:\/\/www.muratalikaravelioglu.com.tr\/18-mart-canakkale-zaferinin-107-yildonumunde-kahraman-sehitlerimiz-anildi\/#breadcrumb\",\"itemListElement\":[{\"@type\":\"ListItem\",\"position\":1,\"name\":\"Ana sayfa\",\"item\":\"https:\/\/www.muratalikaravelioglu.com.tr\/\"},{\"@type\":\"ListItem\",\"position\":2,\"name\":\"18 Mart \u00c7anakkale Zaferi\u2019nin 107. Y\u0131ld\u00f6n\u00fcm\u00fcnde Kahraman \u015eehitlerimiz An\u0131ld\u0131\"}]},{\"@type\":\"WebSite\",\"@id\":\"https:\/\/www.muratalikaravelioglu.com.tr\/#website\",\"url\":\"https:\/\/www.muratalikaravelioglu.com.tr\/\",\"name\":\"Prof. Dr. Murat Ali Karavelio\u011flu\",\"description\":\"\",\"potentialAction\":[{\"@type\":\"SearchAction\",\"target\":{\"@type\":\"EntryPoint\",\"urlTemplate\":\"https:\/\/www.muratalikaravelioglu.com.tr\/?s={search_term_string}\"},\"query-input\":{\"@type\":\"PropertyValueSpecification\",\"valueRequired\":true,\"valueName\":\"search_term_string\"}}],\"inLanguage\":\"es\"},{\"@type\":\"Person\",\"@id\":\"https:\/\/www.muratalikaravelioglu.com.tr\/#\/schema\/person\/71220960d2943c9c9e8efdc905c9b433\",\"name\":\"admin-secure\",\"image\":{\"@type\":\"ImageObject\",\"inLanguage\":\"es\",\"@id\":\"https:\/\/www.muratalikaravelioglu.com.tr\/#\/schema\/person\/image\/\",\"url\":\"https:\/\/secure.gravatar.com\/avatar\/a64dc2d754a5ff1943b32f01bbee579901c565c1f49a91fb943b5ca23386451d?s=96&d=mm&r=g\",\"contentUrl\":\"https:\/\/secure.gravatar.com\/avatar\/a64dc2d754a5ff1943b32f01bbee579901c565c1f49a91fb943b5ca23386451d?s=96&d=mm&r=g\",\"caption\":\"admin-secure\"},\"url\":\"https:\/\/www.muratalikaravelioglu.com.tr\/es\/author\/admin-secure\/\"}]}<\/script>\n<!-- \/ Yoast SEO Premium plugin. -->","yoast_head_json":{"title":"18 Mart \u00c7anakkale Zaferi\u2019nin 107. Y\u0131ld\u00f6n\u00fcm\u00fcnde Kahraman \u015eehitlerimiz An\u0131ld\u0131 - Prof. Dr. Murat Ali Karavelio\u011flu","robots":{"index":"index","follow":"follow","max-snippet":"max-snippet:-1","max-image-preview":"max-image-preview:large","max-video-preview":"max-video-preview:-1"},"canonical":"https:\/\/www.muratalikaravelioglu.com.tr\/es\/18-mart-canakkale-zaferinin-107-yildonumunde-kahraman-sehitlerimiz-anildi\/","og_locale":"es_ES","og_type":"article","og_title":"18 Mart \u00c7anakkale Zaferi\u2019nin 107. Y\u0131ld\u00f6n\u00fcm\u00fcnde Kahraman \u015eehitlerimiz An\u0131ld\u0131","og_description":"\u00c7anakkale Zaferi\u2019nin 107. Y\u0131ld\u00f6n\u00fcm\u00fc dolay\u0131s\u0131yla \u00dcniversitemiz Karaa\u011fa\u00e7 Kamp\u00fcs\u00fc 15 Temmuz \u015eehitleri Konferans Salonu\u2019nda&nbsp; &#8220;Bir Destand\u0131r \u00c7anakkale&#8221; konulu panel d\u00fczenlendi. Sosyal Tarih Toplulu\u011fu, Edebiyat Toplulu\u011fu ve Caferilik Uygulama ve Ara\u015ft\u0131rma Merkezinin (CAMER) destekleri, I\u011fd\u0131r \u00dcniversitesi ve I\u011fd\u0131r Valili\u011fi ortakl\u0131\u011f\u0131nda ger\u00e7ekle\u015ftirilen panele I\u011fd\u0131r Vali Yard\u0131mc\u0131s\u0131 \u00d6mer Said Karaka\u015f, \u00dcniversitemiz Rekt\u00f6r Vekili Prof. Dr. Selahattin \u00c7elebi, il protokol\u00fc, [...]","og_url":"https:\/\/www.muratalikaravelioglu.com.tr\/es\/18-mart-canakkale-zaferinin-107-yildonumunde-kahraman-sehitlerimiz-anildi\/","og_site_name":"Prof. Dr. Murat Ali Karavelio\u011flu","article_published_time":"2022-03-21T18:04:37+00:00","article_modified_time":"2025-09-03T14:26:46+00:00","og_image":[{"width":1024,"height":682,"url":"https:\/\/www.muratalikaravelioglu.com.tr\/wp-content\/uploads\/2022\/03\/\u00e7anakkale.jpeg","type":"image\/jpeg"}],"author":"admin-secure","twitter_card":"summary_large_image","twitter_misc":{"Escrito por":"admin-secure","Tiempo de lectura":"2 minutos"},"schema":{"@context":"https:\/\/schema.org","@graph":[{"@type":"WebPage","@id":"https:\/\/www.muratalikaravelioglu.com.tr\/18-mart-canakkale-zaferinin-107-yildonumunde-kahraman-sehitlerimiz-anildi\/","url":"https:\/\/www.muratalikaravelioglu.com.tr\/18-mart-canakkale-zaferinin-107-yildonumunde-kahraman-sehitlerimiz-anildi\/","name":"18 Mart \u00c7anakkale Zaferi\u2019nin 107. Y\u0131ld\u00f6n\u00fcm\u00fcnde Kahraman \u015eehitlerimiz An\u0131ld\u0131 - Prof. Dr. Murat Ali Karavelio\u011flu","isPartOf":{"@id":"https:\/\/www.muratalikaravelioglu.com.tr\/#website"},"primaryImageOfPage":{"@id":"https:\/\/www.muratalikaravelioglu.com.tr\/18-mart-canakkale-zaferinin-107-yildonumunde-kahraman-sehitlerimiz-anildi\/#primaryimage"},"image":{"@id":"https:\/\/www.muratalikaravelioglu.com.tr\/18-mart-canakkale-zaferinin-107-yildonumunde-kahraman-sehitlerimiz-anildi\/#primaryimage"},"thumbnailUrl":"https:\/\/www.muratalikaravelioglu.com.tr\/wp-content\/uploads\/2022\/03\/\u00e7anakkale.jpeg","datePublished":"2022-03-21T18:04:37+00:00","dateModified":"2025-09-03T14:26:46+00:00","author":{"@id":"https:\/\/www.muratalikaravelioglu.com.tr\/#\/schema\/person\/71220960d2943c9c9e8efdc905c9b433"},"breadcrumb":{"@id":"https:\/\/www.muratalikaravelioglu.com.tr\/18-mart-canakkale-zaferinin-107-yildonumunde-kahraman-sehitlerimiz-anildi\/#breadcrumb"},"inLanguage":"es","potentialAction":[{"@type":"ReadAction","target":["https:\/\/www.muratalikaravelioglu.com.tr\/18-mart-canakkale-zaferinin-107-yildonumunde-kahraman-sehitlerimiz-anildi\/"]}]},{"@type":"ImageObject","inLanguage":"es","@id":"https:\/\/www.muratalikaravelioglu.com.tr\/18-mart-canakkale-zaferinin-107-yildonumunde-kahraman-sehitlerimiz-anildi\/#primaryimage","url":"https:\/\/www.muratalikaravelioglu.com.tr\/wp-content\/uploads\/2022\/03\/\u00e7anakkale.jpeg","contentUrl":"https:\/\/www.muratalikaravelioglu.com.tr\/wp-content\/uploads\/2022\/03\/\u00e7anakkale.jpeg","width":1024,"height":682},{"@type":"BreadcrumbList","@id":"https:\/\/www.muratalikaravelioglu.com.tr\/18-mart-canakkale-zaferinin-107-yildonumunde-kahraman-sehitlerimiz-anildi\/#breadcrumb","itemListElement":[{"@type":"ListItem","position":1,"name":"Ana sayfa","item":"https:\/\/www.muratalikaravelioglu.com.tr\/"},{"@type":"ListItem","position":2,"name":"18 Mart \u00c7anakkale Zaferi\u2019nin 107. Y\u0131ld\u00f6n\u00fcm\u00fcnde Kahraman \u015eehitlerimiz An\u0131ld\u0131"}]},{"@type":"WebSite","@id":"https:\/\/www.muratalikaravelioglu.com.tr\/#website","url":"https:\/\/www.muratalikaravelioglu.com.tr\/","name":"Prof. Dr. Murat Ali Karavelio\u011flu","description":"","potentialAction":[{"@type":"SearchAction","target":{"@type":"EntryPoint","urlTemplate":"https:\/\/www.muratalikaravelioglu.com.tr\/?s={search_term_string}"},"query-input":{"@type":"PropertyValueSpecification","valueRequired":true,"valueName":"search_term_string"}}],"inLanguage":"es"},{"@type":"Person","@id":"https:\/\/www.muratalikaravelioglu.com.tr\/#\/schema\/person\/71220960d2943c9c9e8efdc905c9b433","name":"admin-secure","image":{"@type":"ImageObject","inLanguage":"es","@id":"https:\/\/www.muratalikaravelioglu.com.tr\/#\/schema\/person\/image\/","url":"https:\/\/secure.gravatar.com\/avatar\/a64dc2d754a5ff1943b32f01bbee579901c565c1f49a91fb943b5ca23386451d?s=96&d=mm&r=g","contentUrl":"https:\/\/secure.gravatar.com\/avatar\/a64dc2d754a5ff1943b32f01bbee579901c565c1f49a91fb943b5ca23386451d?s=96&d=mm&r=g","caption":"admin-secure"},"url":"https:\/\/www.muratalikaravelioglu.com.tr\/es\/author\/admin-secure\/"}]}},"_links":{"self":[{"href":"https:\/\/www.muratalikaravelioglu.com.tr\/es\/wp-json\/wp\/v2\/posts\/773","targetHints":{"allow":["GET"]}}],"collection":[{"href":"https:\/\/www.muratalikaravelioglu.com.tr\/es\/wp-json\/wp\/v2\/posts"}],"about":[{"href":"https:\/\/www.muratalikaravelioglu.com.tr\/es\/wp-json\/wp\/v2\/types\/post"}],"author":[{"embeddable":true,"href":"https:\/\/www.muratalikaravelioglu.com.tr\/es\/wp-json\/wp\/v2\/users\/1"}],"replies":[{"embeddable":true,"href":"https:\/\/www.muratalikaravelioglu.com.tr\/es\/wp-json\/wp\/v2\/comments?post=773"}],"version-history":[{"count":2,"href":"https:\/\/www.muratalikaravelioglu.com.tr\/es\/wp-json\/wp\/v2\/posts\/773\/revisions"}],"predecessor-version":[{"id":1412,"href":"https:\/\/www.muratalikaravelioglu.com.tr\/es\/wp-json\/wp\/v2\/posts\/773\/revisions\/1412"}],"wp:featuredmedia":[{"embeddable":true,"href":"https:\/\/www.muratalikaravelioglu.com.tr\/es\/wp-json\/wp\/v2\/media\/774"}],"wp:attachment":[{"href":"https:\/\/www.muratalikaravelioglu.com.tr\/es\/wp-json\/wp\/v2\/media?parent=773"}],"wp:term":[{"taxonomy":"category","embeddable":true,"href":"https:\/\/www.muratalikaravelioglu.com.tr\/es\/wp-json\/wp\/v2\/categories?post=773"},{"taxonomy":"post_tag","embeddable":true,"href":"https:\/\/www.muratalikaravelioglu.com.tr\/es\/wp-json\/wp\/v2\/tags?post=773"}],"curies":[{"name":"wp","href":"https:\/\/api.w.org\/{rel}","templated":true}]}}