{"id":554,"date":"2018-05-15T18:48:19","date_gmt":"2018-05-15T18:48:19","guid":{"rendered":"http:\/\/www.muratalikaravelioglu.com.tr\/?p=554"},"modified":"2025-09-03T14:30:36","modified_gmt":"2025-09-03T14:30:36","slug":"klasik-turk-siirinin-denizci-sairi-agehi","status":"publish","type":"post","link":"https:\/\/www.muratalikaravelioglu.com.tr\/es\/klasik-turk-siirinin-denizci-sairi-agehi\/","title":{"rendered":"Agehi, el poeta marinero de la poes\u00eda cl\u00e1sica turca"},"content":{"rendered":"Agehi, el poeta marinero de la poes\u00eda cl\u00e1sica turca\n\nMurat Ali Karavelio\u011flu\n\nRESUMEN\nEl siglo XVI fue un per\u00edodo en el que la literatura cl\u00e1sica turca alcanz\u00f3 su m\u00e1ximo esplendor en todos los aspectos. Muchos de los m\u00e1s grandes poetas de la literatura turca vivieron durante este siglo. Poetas de todos los rincones de la geograf\u00eda turco-otomana desempe\u00f1aron un papel fundamental en el desarrollo de esta literatura. Rumelia, en particular, produjo grandes poetas tanto en cantidad como en calidad durante este per\u00edodo, como en todas las \u00e9pocas. Yenice Vardarl\u0131 \u00c2geh\u00ee es uno de ellos. Tras llegar a Estambul, el poeta se uni\u00f3 a las fuerzas navales otomanas. En los pocos poemas que se conservan, emple\u00f3 con acierto la terminolog\u00eda n\u00e1utica de la \u00e9poca y, en este sentido, se gan\u00f3 un lugar \u00fanico en nuestra literatura. Su famosa qasida, entrelazada con el lenguaje n\u00e1utico, alcanz\u00f3 gran fama entre sus contempor\u00e1neos y apareci\u00f3 en revistas de poes\u00eda durante siglos. Muchos poetas escribieron versos para esta qasida, pero ninguno alcanz\u00f3 el \u00e9xito de \u00c2geh\u00ee. Nuestras interpretaciones y evaluaciones de este poema, que goza de tan merecida reputaci\u00f3n, constituyen el tema de este art\u00edculo.\n\nPalabras clave: \u00c2geh\u00ee, qasida, t\u00e9rminos mar\u00edtimos, nazire (similar), literatura turca del siglo XVI\n\nLos siglos XV y XVI constituyen el per\u00edodo de desarrollo y auge de la historia turca en todos los aspectos. Durante estos siglos, en los que se logr\u00f3 un considerable desarrollo pol\u00edtico, econ\u00f3mico y social, las actividades art\u00edsticas y culturales tambi\u00e9n alcanzaron un nivel notable. De hecho, el t\u00e9rmino \"Siglo Turco\" es acertado. Uno de los factores que permiti\u00f3 alcanzar este nivel positivo y elevado fue, sin duda, la fuerza del estado y su nivel en las artes militares. El ej\u00e9rcito otomano, que obtuvo victorias constantes en tierra, tanto en el este como en el oeste, tambi\u00e9n alcanz\u00f3 grandes \u00e9xitos en el mar con su poderosa armada, acorde con las condiciones de la \u00e9poca. Adem\u00e1s de dominar todo el Mediterr\u00e1neo y rodear el Mar Negro como un lago, tambi\u00e9n dominaba mares interiores distantes como el Mar Caspio, el Oc\u00e9ano \u00cdndico y el Mar Ar\u00e1bigo. Adem\u00e1s, en Estambul, en consonancia con su creciente prosperidad, observamos que el mar, la vida en el mar, el entretenimiento y las excursiones se han convertido en parte de la vida cotidiana. La presencia constante del mar en el centro de la sociedad, tanto en operaciones militares y campa\u00f1as como en la vida de felicidad y recreaci\u00f3n, ha convertido este tema en el foco del artista, el int\u00e9rprete m\u00e1s poderoso de la vida cotidiana.\n\nAgehi, el poeta marinero de la poes\u00eda cl\u00e1sica turca\nSi analizamos la literatura turca durante el per\u00edodo otomano, el siglo XVI fue un siglo brillante, marcado por el nacimiento de poetas y escritores influyentes, la creaci\u00f3n de grandes obras y la creaci\u00f3n de escritos en todos los \u00e1mbitos literarios. En este per\u00edodo, durante el cual se produjeron los grandes divanes de la literatura cl\u00e1sica turca, importantes masnavis y algunos bellos ejemplos de prosa, se observa que algunos poetas introdujeron conscientemente en la literatura terminolog\u00eda espec\u00edfica de ciertos campos, utilizada tanto con significados literales como metaf\u00f3ricos, y que las emociones y los sue\u00f1os se expresaron a trav\u00e9s de estas expresiones espec\u00edficas. Por ejemplo, se escribieron poemas que utilizaban espec\u00edficamente nombres de flores, as\u00ed como obras que enfatizaban las caracter\u00edsticas del dialecto local. Adem\u00e1s de obras que empleaban frecuentemente t\u00e9rminos de arquer\u00eda, tambi\u00e9n se escribieron obras que empleaban con frecuencia t\u00e9rminos musicales. Considerando la trayectoria general de la literatura turca y las diversas tendencias de las figuras literarias a lo largo de los per\u00edodos, podemos afirmar que tales preferencias no eran comunes. Quiz\u00e1s el primero que viene a la mente es \u00c2geh\u00ee, un poeta del siglo XVI que particip\u00f3 en expediciones navales durante el per\u00edodo de mayor poder de la armada otomana. Adem\u00e1s, el uso directo o indirecto de la terminolog\u00eda mar\u00edtima en la literatura no fue exclusivo de \u00c2geh\u00ee; poetas de este tipo tambi\u00e9n se encontraron en per\u00edodos posteriores.<img loading=\"lazy\" decoding=\"async\" class=\"size-large wp-image-559 alignnone\" src=\"http:\/\/www.muratalikaravelioglu.com.tr\/wp-content\/uploads\/2018\/05\/Denizci-\u015eairi-Agehi-Murat-Ali-Karavelio\u011flu-1024x768.jpg\" alt=\"\" width=\"1024\" height=\"768\" srcset=\"https:\/\/www.muratalikaravelioglu.com.tr\/wp-content\/uploads\/2018\/05\/Denizci-\u015eairi-Agehi-Murat-Ali-Karavelio\u011flu-1024x768.jpg 1024w, https:\/\/www.muratalikaravelioglu.com.tr\/wp-content\/uploads\/2018\/05\/Denizci-\u015eairi-Agehi-Murat-Ali-Karavelio\u011flu-300x225.jpg 300w, https:\/\/www.muratalikaravelioglu.com.tr\/wp-content\/uploads\/2018\/05\/Denizci-\u015eairi-Agehi-Murat-Ali-Karavelio\u011flu-768x576.jpg 768w\" sizes=\"auto, (max-width: 1024px) 100vw, 1024px\" \/>\r\n\u00c2geh\u00ee fue un poeta que escribi\u00f3 poemas de excepcional belleza, pero seg\u00fan nuestros conocimientos actuales, escribi\u00f3 muy poco. Su div\u00e1n (poema colectivo) es desconocido, y estos pocos poemas se encuentran en colecciones de poes\u00eda compiladas en los siglos XVI y XVII. A pesar de ello, los bi\u00f3grafos contempor\u00e1neos lo elogian: \u00abUn hombre versado en las sutilezas del arte po\u00e9tico, capaz de escribir poes\u00eda hermosa, de temperamento encantador, un conversador agradable, cuyos poemas eran admirados, y una persona gentil y elegante...\u00bb.\nEn su art\u00edculo sobre el lenguaje de los marineros en la literatura turca, nuestro difunto maestro \u00c2mil \u00c7elebio\u011flu dividi\u00f3 los temas relacionados con los barcos en la poes\u00eda popular y del div\u00e1n en tres grupos. En consecuencia, surgi\u00f3 una clasificaci\u00f3n: poemas que utilizan palabras y expresiones mar\u00edtimas directamente o mediante met\u00e1foras; poemas fragmentarios escritos de forma independiente como elogios o relatos sobre cualquier tema relacionado con el mar y la navegaci\u00f3n, o incluidos en una sola obra; y poemas escritos en lengua marinera. El poeta que analizaremos aqu\u00ed, \u00c2geh\u00ee, se ubica en la tercera secci\u00f3n.\n\nEl poema de \u00c2geh\u00ee consta de 31 versos. Su tema, seg\u00fan la tradici\u00f3n, es un amor que experiment\u00f3 personalmente, o mejor dicho, uno que no encontr\u00f3 correspondido, y se divide en secciones seg\u00fan su narrativa. As\u00ed, en los primeros versos, el poeta se dirige a su amada, reproch\u00e1ndole no corresponder a su amor. En los siguientes, el poeta compara el amor con un vasto mar y su coraz\u00f3n con un barco, expresando sus dificultades. En un momento dado, se dirige al asceta y al amante, que desconoce el amor, y explora el significado del amor verdadero. Finalmente, concluye el poema recordando la sublimidad del amor divino y la fugacidad del mundo, y, por lo tanto, del amor metaf\u00f3rico.\n\nPodr\u00edamos creer que \u00c2geh\u00ee escribi\u00f3 este poema original durante una expedici\u00f3n naval con Piyale Pasha. Considerando que el poema fue posteriormente presentado a Solim\u00e1n el Magn\u00edfico a trav\u00e9s de Piyale Pasha, se puede estimar que fue escrito en 1555 o un poco despu\u00e9s. A. Tietze, en uno de sus tres valiosos art\u00edculos sobre el lenguaje n\u00e1utico en la poes\u00eda turca, se centra en la fecha de su composici\u00f3n y, con raz\u00f3n, la sit\u00faa entre 1555 y 1558.\n\nLa \u00e9poca de Agehi marc\u00f3 un per\u00edodo de importante desarrollo en la historia mar\u00edtima turca. Durante este per\u00edodo, el Imperio Otomano pose\u00eda una de las armadas m\u00e1s grandes y poderosas del mundo, logrando importantes \u00e9xitos tanto en tierra como en el mar. Dado el nivel de desarrollo mar\u00edtimo, tambi\u00e9n es necesario reconocer el desarrollo de una terminolog\u00eda espec\u00edfica entre los marineros. Los marineros que viv\u00edan a meses de distancia de tierra firme quiz\u00e1s llevaban una vida algo salvaje, ya que sus recursos eran bastante limitados y las condiciones de vida bastante dif\u00edciles. Con el tiempo, surgi\u00f3 una terminolog\u00eda para marineros y piratas, y este lenguaje, anta\u00f1o considerado rudimentario, se denomin\u00f3 \"lisan-\u0131 mellahan (=lenguaje de marineros)\". \u00c2geh\u00ee es uno de los poetas que introdujeron muchas palabras de esta lengua en la literatura. Aunque algunos poetas ya hab\u00edan usado expresiones del lenguaje marinero en poes\u00eda antes que \u00e9l (por ejemplo, Yet\u00eem), ni los escritos antes ni los posteriores alcanzaron el mismo \u00e9xito.\n\u00c2\u015f\u0131k \u00c7elebi, un escritor de biograf\u00edas, describe a \u00c2geh\u00ee como alguien que se enamor\u00f3 de la belleza de una marinera en su juventud. Enloquecido por este amor no correspondido, escribi\u00f3 una oda sin precedentes, impregnada de terminolog\u00eda marinera, expresando su amor. Este poema lleg\u00f3 a ser conocido y admirado por todos en tierra y mar. Si bien el nombre com\u00fan para la poes\u00eda amorosa es ghazal, y especialmente en el Imperio Otomano, las expresiones de amor breves pero profundas generalmente se escrib\u00edan con ghazals, \u00bfpor qu\u00e9 este poeta, viviendo en circunstancias dif\u00edciles, eligi\u00f3 expresar su amor a trav\u00e9s de una qasida? Si fuera una aventura demasiado larga para resumirla brevemente, \u00bfno habr\u00eda considerado escribirla en mesnevi, que permite la libertad de rima y la selecci\u00f3n de patrones de aruz cortos? En nuestra opini\u00f3n, la elecci\u00f3n de la qasida, que permite la unificaci\u00f3n de diversas fantas\u00edas en torno a un solo tema y, adem\u00e1s, se asemeja al ghazal en su forma, no es una decisi\u00f3n desacertada. Si bien no podemos llamar a la secci\u00f3n en prosa de la qasida \u2014en el sentido cl\u00e1sico\u2014, la secci\u00f3n inicial, que describe el estado del amante\/poeta, contiene una representaci\u00f3n del amor que no requiere rima. De hecho, como se mencion\u00f3 anteriormente, el hecho de que el poema fuera presentado posteriormente al sult\u00e1n parece indicar que la forma qasida fue una elecci\u00f3n acertada. De hecho, el objetivo principal de \u00c2geh\u00ee no era proclamar su amor, sino expresarlo con un vocabulario espec\u00edfico, y desde una perspectiva contempor\u00e1nea, es indudable que lo logr\u00f3. Esta famosa qasida de \u00c2geh\u00ee es, sobre todo, amorosa. Las expresiones del poeta, a menudo empleadas mediante s\u00edmiles y alusiones, fueron fundamentales para expresar su significado de manera sutil y elegante. Las expresiones, s\u00edmiles y met\u00e1foras utilizadas con frecuencia a lo largo del poema revelan numerosas im\u00e1genes relacionadas con barcos, viajes, equipo naval y navegaci\u00f3n. De hecho, el difunto Amil \u00c7elebio\u011flu, en su obra m\u00e1s completa basada en poes\u00eda folcl\u00f3rica y div\u00e1nica, y el estudio mencionado sobre barcos y navegaci\u00f3n,","protected":false},"excerpt":{"rendered":"<p>El poeta marinero de la poes\u00eda cl\u00e1sica turca, Agehi Murat Ali Karavelio\u011flu. RESUMEN. El siglo XVI fue un per\u00edodo en el que la literatura cl\u00e1sica turca alcanz\u00f3 su m\u00e1ximo esplendor en todos los aspectos. Muchos de los m\u00e1s grandes poetas de la literatura turca vivieron durante este siglo. Poetas de todos los rincones de la geograf\u00eda turco-otomana desempe\u00f1aron un papel fundamental en el desarrollo de esta literatura. Rumelia, en particular, fue una tierra que, como en todas las \u00e9pocas, [\u2026]","protected":false},"author":1,"featured_media":559,"comment_status":"closed","ping_status":"open","sticky":false,"template":"","format":"standard","meta":{"ngg_post_thumbnail":0,"footnotes":""},"categories":[1],"tags":[20,16,18,17,6,19],"class_list":["post-554","post","type-post","status-publish","format-standard","has-post-thumbnail","hentry","category-video","tag-16-yuzyil-turk-edebiyati","tag-agehi","tag-denizcilik-terimleri","tag-kaside","tag-murat-ali-karavelioglu","tag-nazire-benzer"],"yoast_head":"<!-- This site is optimized with the Yoast SEO Premium plugin v25.7.1 (Yoast SEO v26.1.1) - https:\/\/yoast.com\/wordpress\/plugins\/seo\/ -->\n<title>Klasik T\u00fcrk \u015eiirinin Denizci \u015eairi Agehi - Prof. Dr. Murat Ali Karavelio\u011flu<\/title>\n<meta name=\"robots\" content=\"index, follow, max-snippet:-1, max-image-preview:large, max-video-preview:-1\" \/>\n<link rel=\"canonical\" href=\"https:\/\/www.muratalikaravelioglu.com.tr\/es\/klasik-turk-siirinin-denizci-sairi-agehi\/\" \/>\n<meta property=\"og:locale\" content=\"es_ES\" \/>\n<meta property=\"og:type\" content=\"article\" \/>\n<meta property=\"og:title\" content=\"Klasik T\u00fcrk \u015eiirinin Denizci \u015eairi Agehi\" \/>\n<meta property=\"og:description\" content=\"Klasik T\u00fcrk \u015eiirinin Denizci \u015eairi Agehi Murat Ali Karavelio\u011flu \u00d6ZET 16. y\u00fczy\u0131l, Klasik T\u00fcrk edebiyat\u0131n\u0131n her bak\u0131mdan zirveye ula\u015ft\u0131\u011f\u0131 bir zaman dilimi olmu\u015ftur. T\u00fcrk edebiyat\u0131n\u0131n pek \u00e7ok b\u00fcy\u00fck \u015fairi bu y\u00fczy\u0131lda ya\u015fam\u0131\u015ft\u0131r. Osmanl\u0131-T\u00fcrk co\u011frafyas\u0131n\u0131n her k\u00f6\u015fesinden \u00e7\u0131kan \u015fairler, bu edebiyat\u0131n geli\u015fmesinde \u00f6nc\u00fc rol oynam\u0131\u015flard\u0131r. \u00d6zellikle Rumeli topraklar\u0131 her devirde oldu\u011fu gibi bu d\u00f6nemde de hem [...]\" \/>\n<meta property=\"og:url\" content=\"https:\/\/www.muratalikaravelioglu.com.tr\/es\/klasik-turk-siirinin-denizci-sairi-agehi\/\" \/>\n<meta property=\"og:site_name\" content=\"Prof. Dr. Murat Ali Karavelio\u011flu\" \/>\n<meta property=\"article:published_time\" content=\"2018-05-15T18:48:19+00:00\" \/>\n<meta property=\"article:modified_time\" content=\"2025-09-03T14:30:36+00:00\" \/>\n<meta property=\"og:image\" content=\"https:\/\/www.muratalikaravelioglu.com.tr\/wp-content\/uploads\/2018\/05\/Denizci-\u015eairi-Agehi-Murat-Ali-Karavelio\u011flu.jpg\" \/>\n\t<meta property=\"og:image:width\" content=\"2592\" \/>\n\t<meta property=\"og:image:height\" content=\"1944\" \/>\n\t<meta property=\"og:image:type\" content=\"image\/jpeg\" \/>\n<meta name=\"author\" content=\"admin-secure\" \/>\n<meta name=\"twitter:card\" content=\"summary_large_image\" \/>\n<meta name=\"twitter:label1\" content=\"Escrito por\" \/>\n\t<meta name=\"twitter:data1\" content=\"admin-secure\" \/>\n\t<meta name=\"twitter:label2\" content=\"Tiempo de lectura\" \/>\n\t<meta name=\"twitter:data2\" content=\"12 minutos\" \/>\n<script type=\"application\/ld+json\" class=\"yoast-schema-graph\">{\"@context\":\"https:\/\/schema.org\",\"@graph\":[{\"@type\":\"WebPage\",\"@id\":\"https:\/\/www.muratalikaravelioglu.com.tr\/klasik-turk-siirinin-denizci-sairi-agehi\/\",\"url\":\"https:\/\/www.muratalikaravelioglu.com.tr\/klasik-turk-siirinin-denizci-sairi-agehi\/\",\"name\":\"Klasik T\u00fcrk \u015eiirinin Denizci \u015eairi Agehi - Prof. Dr. Murat Ali Karavelio\u011flu\",\"isPartOf\":{\"@id\":\"https:\/\/www.muratalikaravelioglu.com.tr\/#website\"},\"primaryImageOfPage\":{\"@id\":\"https:\/\/www.muratalikaravelioglu.com.tr\/klasik-turk-siirinin-denizci-sairi-agehi\/#primaryimage\"},\"image\":{\"@id\":\"https:\/\/www.muratalikaravelioglu.com.tr\/klasik-turk-siirinin-denizci-sairi-agehi\/#primaryimage\"},\"thumbnailUrl\":\"https:\/\/www.muratalikaravelioglu.com.tr\/wp-content\/uploads\/2018\/05\/Denizci-\u015eairi-Agehi-Murat-Ali-Karavelio\u011flu.jpg\",\"datePublished\":\"2018-05-15T18:48:19+00:00\",\"dateModified\":\"2025-09-03T14:30:36+00:00\",\"author\":{\"@id\":\"https:\/\/www.muratalikaravelioglu.com.tr\/#\/schema\/person\/71220960d2943c9c9e8efdc905c9b433\"},\"breadcrumb\":{\"@id\":\"https:\/\/www.muratalikaravelioglu.com.tr\/klasik-turk-siirinin-denizci-sairi-agehi\/#breadcrumb\"},\"inLanguage\":\"es\",\"potentialAction\":[{\"@type\":\"ReadAction\",\"target\":[\"https:\/\/www.muratalikaravelioglu.com.tr\/klasik-turk-siirinin-denizci-sairi-agehi\/\"]}]},{\"@type\":\"ImageObject\",\"inLanguage\":\"es\",\"@id\":\"https:\/\/www.muratalikaravelioglu.com.tr\/klasik-turk-siirinin-denizci-sairi-agehi\/#primaryimage\",\"url\":\"https:\/\/www.muratalikaravelioglu.com.tr\/wp-content\/uploads\/2018\/05\/Denizci-\u015eairi-Agehi-Murat-Ali-Karavelio\u011flu.jpg\",\"contentUrl\":\"https:\/\/www.muratalikaravelioglu.com.tr\/wp-content\/uploads\/2018\/05\/Denizci-\u015eairi-Agehi-Murat-Ali-Karavelio\u011flu.jpg\",\"width\":2592,\"height\":1944},{\"@type\":\"BreadcrumbList\",\"@id\":\"https:\/\/www.muratalikaravelioglu.com.tr\/klasik-turk-siirinin-denizci-sairi-agehi\/#breadcrumb\",\"itemListElement\":[{\"@type\":\"ListItem\",\"position\":1,\"name\":\"Ana sayfa\",\"item\":\"https:\/\/www.muratalikaravelioglu.com.tr\/\"},{\"@type\":\"ListItem\",\"position\":2,\"name\":\"Klasik T\u00fcrk \u015eiirinin Denizci \u015eairi Agehi\"}]},{\"@type\":\"WebSite\",\"@id\":\"https:\/\/www.muratalikaravelioglu.com.tr\/#website\",\"url\":\"https:\/\/www.muratalikaravelioglu.com.tr\/\",\"name\":\"Prof. Dr. Murat Ali Karavelio\u011flu\",\"description\":\"\",\"potentialAction\":[{\"@type\":\"SearchAction\",\"target\":{\"@type\":\"EntryPoint\",\"urlTemplate\":\"https:\/\/www.muratalikaravelioglu.com.tr\/?s={search_term_string}\"},\"query-input\":{\"@type\":\"PropertyValueSpecification\",\"valueRequired\":true,\"valueName\":\"search_term_string\"}}],\"inLanguage\":\"es\"},{\"@type\":\"Person\",\"@id\":\"https:\/\/www.muratalikaravelioglu.com.tr\/#\/schema\/person\/71220960d2943c9c9e8efdc905c9b433\",\"name\":\"admin-secure\",\"image\":{\"@type\":\"ImageObject\",\"inLanguage\":\"es\",\"@id\":\"https:\/\/www.muratalikaravelioglu.com.tr\/#\/schema\/person\/image\/\",\"url\":\"https:\/\/secure.gravatar.com\/avatar\/a64dc2d754a5ff1943b32f01bbee579901c565c1f49a91fb943b5ca23386451d?s=96&d=mm&r=g\",\"contentUrl\":\"https:\/\/secure.gravatar.com\/avatar\/a64dc2d754a5ff1943b32f01bbee579901c565c1f49a91fb943b5ca23386451d?s=96&d=mm&r=g\",\"caption\":\"admin-secure\"},\"url\":\"https:\/\/www.muratalikaravelioglu.com.tr\/es\/author\/admin-secure\/\"}]}<\/script>\n<!-- \/ Yoast SEO Premium plugin. -->","yoast_head_json":{"title":"Klasik T\u00fcrk \u015eiirinin Denizci \u015eairi Agehi - Prof. Dr. Murat Ali Karavelio\u011flu","robots":{"index":"index","follow":"follow","max-snippet":"max-snippet:-1","max-image-preview":"max-image-preview:large","max-video-preview":"max-video-preview:-1"},"canonical":"https:\/\/www.muratalikaravelioglu.com.tr\/es\/klasik-turk-siirinin-denizci-sairi-agehi\/","og_locale":"es_ES","og_type":"article","og_title":"Klasik T\u00fcrk \u015eiirinin Denizci \u015eairi Agehi","og_description":"Klasik T\u00fcrk \u015eiirinin Denizci \u015eairi Agehi Murat Ali Karavelio\u011flu \u00d6ZET 16. y\u00fczy\u0131l, Klasik T\u00fcrk edebiyat\u0131n\u0131n her bak\u0131mdan zirveye ula\u015ft\u0131\u011f\u0131 bir zaman dilimi olmu\u015ftur. T\u00fcrk edebiyat\u0131n\u0131n pek \u00e7ok b\u00fcy\u00fck \u015fairi bu y\u00fczy\u0131lda ya\u015fam\u0131\u015ft\u0131r. Osmanl\u0131-T\u00fcrk co\u011frafyas\u0131n\u0131n her k\u00f6\u015fesinden \u00e7\u0131kan \u015fairler, bu edebiyat\u0131n geli\u015fmesinde \u00f6nc\u00fc rol oynam\u0131\u015flard\u0131r. \u00d6zellikle Rumeli topraklar\u0131 her devirde oldu\u011fu gibi bu d\u00f6nemde de hem [...]","og_url":"https:\/\/www.muratalikaravelioglu.com.tr\/es\/klasik-turk-siirinin-denizci-sairi-agehi\/","og_site_name":"Prof. Dr. Murat Ali Karavelio\u011flu","article_published_time":"2018-05-15T18:48:19+00:00","article_modified_time":"2025-09-03T14:30:36+00:00","og_image":[{"width":2592,"height":1944,"url":"https:\/\/www.muratalikaravelioglu.com.tr\/wp-content\/uploads\/2018\/05\/Denizci-\u015eairi-Agehi-Murat-Ali-Karavelio\u011flu.jpg","type":"image\/jpeg"}],"author":"admin-secure","twitter_card":"summary_large_image","twitter_misc":{"Escrito por":"admin-secure","Tiempo de lectura":"12 minutos"},"schema":{"@context":"https:\/\/schema.org","@graph":[{"@type":"WebPage","@id":"https:\/\/www.muratalikaravelioglu.com.tr\/klasik-turk-siirinin-denizci-sairi-agehi\/","url":"https:\/\/www.muratalikaravelioglu.com.tr\/klasik-turk-siirinin-denizci-sairi-agehi\/","name":"Klasik T\u00fcrk \u015eiirinin Denizci \u015eairi Agehi - Prof. Dr. Murat Ali Karavelio\u011flu","isPartOf":{"@id":"https:\/\/www.muratalikaravelioglu.com.tr\/#website"},"primaryImageOfPage":{"@id":"https:\/\/www.muratalikaravelioglu.com.tr\/klasik-turk-siirinin-denizci-sairi-agehi\/#primaryimage"},"image":{"@id":"https:\/\/www.muratalikaravelioglu.com.tr\/klasik-turk-siirinin-denizci-sairi-agehi\/#primaryimage"},"thumbnailUrl":"https:\/\/www.muratalikaravelioglu.com.tr\/wp-content\/uploads\/2018\/05\/Denizci-\u015eairi-Agehi-Murat-Ali-Karavelio\u011flu.jpg","datePublished":"2018-05-15T18:48:19+00:00","dateModified":"2025-09-03T14:30:36+00:00","author":{"@id":"https:\/\/www.muratalikaravelioglu.com.tr\/#\/schema\/person\/71220960d2943c9c9e8efdc905c9b433"},"breadcrumb":{"@id":"https:\/\/www.muratalikaravelioglu.com.tr\/klasik-turk-siirinin-denizci-sairi-agehi\/#breadcrumb"},"inLanguage":"es","potentialAction":[{"@type":"ReadAction","target":["https:\/\/www.muratalikaravelioglu.com.tr\/klasik-turk-siirinin-denizci-sairi-agehi\/"]}]},{"@type":"ImageObject","inLanguage":"es","@id":"https:\/\/www.muratalikaravelioglu.com.tr\/klasik-turk-siirinin-denizci-sairi-agehi\/#primaryimage","url":"https:\/\/www.muratalikaravelioglu.com.tr\/wp-content\/uploads\/2018\/05\/Denizci-\u015eairi-Agehi-Murat-Ali-Karavelio\u011flu.jpg","contentUrl":"https:\/\/www.muratalikaravelioglu.com.tr\/wp-content\/uploads\/2018\/05\/Denizci-\u015eairi-Agehi-Murat-Ali-Karavelio\u011flu.jpg","width":2592,"height":1944},{"@type":"BreadcrumbList","@id":"https:\/\/www.muratalikaravelioglu.com.tr\/klasik-turk-siirinin-denizci-sairi-agehi\/#breadcrumb","itemListElement":[{"@type":"ListItem","position":1,"name":"Ana sayfa","item":"https:\/\/www.muratalikaravelioglu.com.tr\/"},{"@type":"ListItem","position":2,"name":"Klasik T\u00fcrk \u015eiirinin Denizci \u015eairi Agehi"}]},{"@type":"WebSite","@id":"https:\/\/www.muratalikaravelioglu.com.tr\/#website","url":"https:\/\/www.muratalikaravelioglu.com.tr\/","name":"Prof. Dr. Murat Ali Karavelio\u011flu","description":"","potentialAction":[{"@type":"SearchAction","target":{"@type":"EntryPoint","urlTemplate":"https:\/\/www.muratalikaravelioglu.com.tr\/?s={search_term_string}"},"query-input":{"@type":"PropertyValueSpecification","valueRequired":true,"valueName":"search_term_string"}}],"inLanguage":"es"},{"@type":"Person","@id":"https:\/\/www.muratalikaravelioglu.com.tr\/#\/schema\/person\/71220960d2943c9c9e8efdc905c9b433","name":"admin-secure","image":{"@type":"ImageObject","inLanguage":"es","@id":"https:\/\/www.muratalikaravelioglu.com.tr\/#\/schema\/person\/image\/","url":"https:\/\/secure.gravatar.com\/avatar\/a64dc2d754a5ff1943b32f01bbee579901c565c1f49a91fb943b5ca23386451d?s=96&d=mm&r=g","contentUrl":"https:\/\/secure.gravatar.com\/avatar\/a64dc2d754a5ff1943b32f01bbee579901c565c1f49a91fb943b5ca23386451d?s=96&d=mm&r=g","caption":"admin-secure"},"url":"https:\/\/www.muratalikaravelioglu.com.tr\/es\/author\/admin-secure\/"}]}},"_links":{"self":[{"href":"https:\/\/www.muratalikaravelioglu.com.tr\/es\/wp-json\/wp\/v2\/posts\/554","targetHints":{"allow":["GET"]}}],"collection":[{"href":"https:\/\/www.muratalikaravelioglu.com.tr\/es\/wp-json\/wp\/v2\/posts"}],"about":[{"href":"https:\/\/www.muratalikaravelioglu.com.tr\/es\/wp-json\/wp\/v2\/types\/post"}],"author":[{"embeddable":true,"href":"https:\/\/www.muratalikaravelioglu.com.tr\/es\/wp-json\/wp\/v2\/users\/1"}],"replies":[{"embeddable":true,"href":"https:\/\/www.muratalikaravelioglu.com.tr\/es\/wp-json\/wp\/v2\/comments?post=554"}],"version-history":[{"count":8,"href":"https:\/\/www.muratalikaravelioglu.com.tr\/es\/wp-json\/wp\/v2\/posts\/554\/revisions"}],"predecessor-version":[{"id":1414,"href":"https:\/\/www.muratalikaravelioglu.com.tr\/es\/wp-json\/wp\/v2\/posts\/554\/revisions\/1414"}],"wp:featuredmedia":[{"embeddable":true,"href":"https:\/\/www.muratalikaravelioglu.com.tr\/es\/wp-json\/wp\/v2\/media\/559"}],"wp:attachment":[{"href":"https:\/\/www.muratalikaravelioglu.com.tr\/es\/wp-json\/wp\/v2\/media?parent=554"}],"wp:term":[{"taxonomy":"category","embeddable":true,"href":"https:\/\/www.muratalikaravelioglu.com.tr\/es\/wp-json\/wp\/v2\/categories?post=554"},{"taxonomy":"post_tag","embeddable":true,"href":"https:\/\/www.muratalikaravelioglu.com.tr\/es\/wp-json\/wp\/v2\/tags?post=554"}],"curies":[{"name":"wp","href":"https:\/\/api.w.org\/{rel}","templated":true}]}}