{"id":914,"date":"2024-12-31T05:12:29","date_gmt":"2024-12-31T05:12:29","guid":{"rendered":"https:\/\/www.muratalikaravelioglu.com.tr\/?p=914"},"modified":"2025-09-01T11:40:08","modified_gmt":"2025-09-01T11:40:08","slug":"istiklal-sairi-mehmet-akif-ersoy-vefat-yil-donumunde-anildi","status":"publish","type":"post","link":"https:\/\/www.muratalikaravelioglu.com.tr\/en\/istiklal-sairi-mehmet-akif-ersoy-vefat-yil-donumunde-anildi\/","title":{"rendered":"Poet of Independence Mehmet Akif Ersoy Remembered on Anniversary of His Death"},"content":{"rendered":"<h2><strong><b>Poet of Independence Mehmet Akif Ersoy Remembered on Anniversary of His Death<\/b><\/strong><\/h2>\n<h2><strong>A panel discussion titled \u201cMehmet Akif Ersoy, Poet of Independence, on the 88th Anniversary of His Death\u201d was held in the conference hall of the Ayb\u00fcke Teacher Girls' Dormitory located on our university's \u015eehit B\u00fclent Yurtseven Campus.&nbsp;<\/strong><\/h2>\n<p>The panel, which began at 7:45 p.m., the time when Mehmet Akif breathed his last, featured presentations by Prof. Dr. Murat Ali Karavelio\u011flu and Assoc. Prof. Dr. Abdulhakim Tu\u011fluk, faculty members of the Department of Turkish Language and Literature. Recai \u015eahin, Provincial Director of Youth and Sports; G\u00fclcan \u015eahin, Director of the Ayb\u00fcke Teacher Girls' Dormitory; faculty members; and students.<\/p>\n<p>Assoc. Prof. Dr. Abdulhakim Tu\u011fluk recounted Mehmet Akif's extraordinary life story and his unwavering stance during the most difficult times in our history, citing examples from his poems. Prof. Dr. Murat Ali Karavelio\u011flu then took the floor and shared with the audience Mehmet Akif's high character, his combative nature, and his spiritual role in the victory of the War of Independence.<\/p>\n<p>The panel, which attracted significant interest from our university students, concluded with the presentation of plaques and a discussion between the participants and our students.<\/p>\n<p><img loading=\"lazy\" decoding=\"async\" class=\"size-medium wp-image-915 alignleft\" src=\"https:\/\/www.muratalikaravelioglu.com.tr\/wp-content\/uploads\/2024\/12\/Prof.Dr_.Murat-Ali-Karavelio\u011flu-225x300.jpeg\" alt=\"\" width=\"225\" height=\"300\" srcset=\"https:\/\/www.muratalikaravelioglu.com.tr\/wp-content\/uploads\/2024\/12\/Prof.Dr_.Murat-Ali-Karavelio\u011flu-225x300.jpeg 225w, https:\/\/www.muratalikaravelioglu.com.tr\/wp-content\/uploads\/2024\/12\/Prof.Dr_.Murat-Ali-Karavelio\u011flu-768x1024.jpeg 768w, https:\/\/www.muratalikaravelioglu.com.tr\/wp-content\/uploads\/2024\/12\/Prof.Dr_.Murat-Ali-Karavelio\u011flu-1152x1536.jpeg 1152w, https:\/\/www.muratalikaravelioglu.com.tr\/wp-content\/uploads\/2024\/12\/Prof.Dr_.Murat-Ali-Karavelio\u011flu.jpeg 1200w\" sizes=\"auto, (max-width: 225px) 100vw, 225px\" \/><\/p>","protected":false},"excerpt":{"rendered":"<p>Independence Poet Mehmet Akif Ersoy Commemorated on the Anniversary of His Death A panel discussion titled \u201cIndependence Poet Mehmet Akif Ersoy on the 88th Anniversary of His Death\u201d was held in the conference hall of the Ayb\u00fcke Teacher Girls' Dormitory located on our university's \u015eehit B\u00fclent Yurtseven Campus.  Prof. Dr. Murat Ali Karavelio\u011flu and Assoc. Prof. Dr. Abdulhakim Tu\u011fluk from the Department of Turkish Language and Literature were the speakers, and Mehmet [\u2026]","protected":false},"author":1,"featured_media":915,"comment_status":"closed","ping_status":"open","sticky":false,"template":"","format":"standard","meta":{"ngg_post_thumbnail":0,"footnotes":""},"categories":[52],"tags":[57,27],"class_list":["post-914","post","type-post","status-publish","format-standard","has-post-thumbnail","hentry","category-genel","tag-mehmet-akif-ersoy","tag-prof-dr-murat-ali-karavelioglu"],"yoast_head":"<!-- This site is optimized with the Yoast SEO Premium plugin v25.7.1 (Yoast SEO v26.1.1) - https:\/\/yoast.com\/wordpress\/plugins\/seo\/ -->\n<title>\u0130stiklal \u015eairi Mehmet Akif Ersoy, Vefat Y\u0131l D\u00f6n\u00fcm\u00fcnde An\u0131ld\u0131 - Prof. Dr. Murat Ali Karavelio\u011flu<\/title>\n<meta name=\"robots\" content=\"index, follow, max-snippet:-1, max-image-preview:large, max-video-preview:-1\" \/>\n<link rel=\"canonical\" href=\"https:\/\/www.muratalikaravelioglu.com.tr\/en\/istiklal-sairi-mehmet-akif-ersoy-vefat-yil-donumunde-anildi\/\" \/>\n<meta property=\"og:locale\" content=\"en_US\" \/>\n<meta property=\"og:type\" content=\"article\" \/>\n<meta property=\"og:title\" content=\"\u0130stiklal \u015eairi Mehmet Akif Ersoy, Vefat Y\u0131l D\u00f6n\u00fcm\u00fcnde An\u0131ld\u0131\" \/>\n<meta property=\"og:description\" content=\"\u0130stiklal \u015eairi Mehmet Akif Ersoy, Vefat Y\u0131l D\u00f6n\u00fcm\u00fcnde An\u0131ld\u0131 \u00dcniversitemiz \u015eehit B\u00fclent Yurtseven Kamp\u00fcs\u00fcnde bulunan Ayb\u00fcke \u00d6\u011fretmen K\u0131z \u00d6\u011frenci Yurdu konferans salonunda \u201cVefat\u0131n\u0131n 88. Y\u0131l D\u00f6n\u00fcm\u00fcnde \u0130stiklal \u015eairi Mehmet Akif Ersoy\u201d konulu bir panel d\u00fczenlendi.&nbsp; T\u00fcrk Dili ve Edebiyat\u0131 B\u00f6l\u00fcm\u00fc \u00f6\u011fretim \u00fcyelerinden&nbsp;Prof. Dr. Murat Ali Karavelio\u011flu ve Do\u00e7. Dr. Abdulhakim Tu\u011fluk\u2019un konu\u015fmac\u0131 oldu\u011fu ve Mehmet [...]\" \/>\n<meta property=\"og:url\" content=\"https:\/\/www.muratalikaravelioglu.com.tr\/en\/istiklal-sairi-mehmet-akif-ersoy-vefat-yil-donumunde-anildi\/\" \/>\n<meta property=\"og:site_name\" content=\"Prof. Dr. Murat Ali Karavelio\u011flu\" \/>\n<meta property=\"article:published_time\" content=\"2024-12-31T05:12:29+00:00\" \/>\n<meta property=\"article:modified_time\" content=\"2025-09-01T11:40:08+00:00\" \/>\n<meta property=\"og:image\" content=\"https:\/\/www.muratalikaravelioglu.com.tr\/wp-content\/uploads\/2024\/12\/Prof.Dr_.Murat-Ali-Karavelio\u011flu.jpeg\" \/>\n\t<meta property=\"og:image:width\" content=\"1200\" \/>\n\t<meta property=\"og:image:height\" content=\"1600\" \/>\n\t<meta property=\"og:image:type\" content=\"image\/jpeg\" \/>\n<meta name=\"author\" content=\"admin-secure\" \/>\n<meta name=\"twitter:card\" content=\"summary_large_image\" \/>\n<meta name=\"twitter:label1\" content=\"Written by\" \/>\n\t<meta name=\"twitter:data1\" content=\"admin-secure\" \/>\n\t<meta name=\"twitter:label2\" content=\"Est. reading time\" \/>\n\t<meta name=\"twitter:data2\" content=\"1 minute\" \/>\n<script type=\"application\/ld+json\" class=\"yoast-schema-graph\">{\"@context\":\"https:\/\/schema.org\",\"@graph\":[{\"@type\":\"WebPage\",\"@id\":\"https:\/\/www.muratalikaravelioglu.com.tr\/istiklal-sairi-mehmet-akif-ersoy-vefat-yil-donumunde-anildi\/\",\"url\":\"https:\/\/www.muratalikaravelioglu.com.tr\/istiklal-sairi-mehmet-akif-ersoy-vefat-yil-donumunde-anildi\/\",\"name\":\"\u0130stiklal \u015eairi Mehmet Akif Ersoy, Vefat Y\u0131l D\u00f6n\u00fcm\u00fcnde An\u0131ld\u0131 - Prof. Dr. Murat Ali Karavelio\u011flu\",\"isPartOf\":{\"@id\":\"https:\/\/www.muratalikaravelioglu.com.tr\/#website\"},\"primaryImageOfPage\":{\"@id\":\"https:\/\/www.muratalikaravelioglu.com.tr\/istiklal-sairi-mehmet-akif-ersoy-vefat-yil-donumunde-anildi\/#primaryimage\"},\"image\":{\"@id\":\"https:\/\/www.muratalikaravelioglu.com.tr\/istiklal-sairi-mehmet-akif-ersoy-vefat-yil-donumunde-anildi\/#primaryimage\"},\"thumbnailUrl\":\"https:\/\/www.muratalikaravelioglu.com.tr\/wp-content\/uploads\/2024\/12\/Prof.Dr_.Murat-Ali-Karavelio\u011flu.jpeg\",\"datePublished\":\"2024-12-31T05:12:29+00:00\",\"dateModified\":\"2025-09-01T11:40:08+00:00\",\"author\":{\"@id\":\"https:\/\/www.muratalikaravelioglu.com.tr\/#\/schema\/person\/71220960d2943c9c9e8efdc905c9b433\"},\"breadcrumb\":{\"@id\":\"https:\/\/www.muratalikaravelioglu.com.tr\/istiklal-sairi-mehmet-akif-ersoy-vefat-yil-donumunde-anildi\/#breadcrumb\"},\"inLanguage\":\"en-US\",\"potentialAction\":[{\"@type\":\"ReadAction\",\"target\":[\"https:\/\/www.muratalikaravelioglu.com.tr\/istiklal-sairi-mehmet-akif-ersoy-vefat-yil-donumunde-anildi\/\"]}]},{\"@type\":\"ImageObject\",\"inLanguage\":\"en-US\",\"@id\":\"https:\/\/www.muratalikaravelioglu.com.tr\/istiklal-sairi-mehmet-akif-ersoy-vefat-yil-donumunde-anildi\/#primaryimage\",\"url\":\"https:\/\/www.muratalikaravelioglu.com.tr\/wp-content\/uploads\/2024\/12\/Prof.Dr_.Murat-Ali-Karavelio\u011flu.jpeg\",\"contentUrl\":\"https:\/\/www.muratalikaravelioglu.com.tr\/wp-content\/uploads\/2024\/12\/Prof.Dr_.Murat-Ali-Karavelio\u011flu.jpeg\",\"width\":1200,\"height\":1600},{\"@type\":\"BreadcrumbList\",\"@id\":\"https:\/\/www.muratalikaravelioglu.com.tr\/istiklal-sairi-mehmet-akif-ersoy-vefat-yil-donumunde-anildi\/#breadcrumb\",\"itemListElement\":[{\"@type\":\"ListItem\",\"position\":1,\"name\":\"Ana sayfa\",\"item\":\"https:\/\/www.muratalikaravelioglu.com.tr\/\"},{\"@type\":\"ListItem\",\"position\":2,\"name\":\"\u0130stiklal \u015eairi Mehmet Akif Ersoy, Vefat Y\u0131l D\u00f6n\u00fcm\u00fcnde An\u0131ld\u0131\"}]},{\"@type\":\"WebSite\",\"@id\":\"https:\/\/www.muratalikaravelioglu.com.tr\/#website\",\"url\":\"https:\/\/www.muratalikaravelioglu.com.tr\/\",\"name\":\"Prof. Dr. Murat Ali Karavelio\u011flu\",\"description\":\"\",\"potentialAction\":[{\"@type\":\"SearchAction\",\"target\":{\"@type\":\"EntryPoint\",\"urlTemplate\":\"https:\/\/www.muratalikaravelioglu.com.tr\/?s={search_term_string}\"},\"query-input\":{\"@type\":\"PropertyValueSpecification\",\"valueRequired\":true,\"valueName\":\"search_term_string\"}}],\"inLanguage\":\"en-US\"},{\"@type\":\"Person\",\"@id\":\"https:\/\/www.muratalikaravelioglu.com.tr\/#\/schema\/person\/71220960d2943c9c9e8efdc905c9b433\",\"name\":\"admin-secure\",\"image\":{\"@type\":\"ImageObject\",\"inLanguage\":\"en-US\",\"@id\":\"https:\/\/www.muratalikaravelioglu.com.tr\/#\/schema\/person\/image\/\",\"url\":\"https:\/\/secure.gravatar.com\/avatar\/a64dc2d754a5ff1943b32f01bbee579901c565c1f49a91fb943b5ca23386451d?s=96&d=mm&r=g\",\"contentUrl\":\"https:\/\/secure.gravatar.com\/avatar\/a64dc2d754a5ff1943b32f01bbee579901c565c1f49a91fb943b5ca23386451d?s=96&d=mm&r=g\",\"caption\":\"admin-secure\"},\"url\":\"https:\/\/www.muratalikaravelioglu.com.tr\/en\/author\/admin-secure\/\"}]}<\/script>\n<!-- \/ Yoast SEO Premium plugin. -->","yoast_head_json":{"title":"\u0130stiklal \u015eairi Mehmet Akif Ersoy, Vefat Y\u0131l D\u00f6n\u00fcm\u00fcnde An\u0131ld\u0131 - Prof. Dr. Murat Ali Karavelio\u011flu","robots":{"index":"index","follow":"follow","max-snippet":"max-snippet:-1","max-image-preview":"max-image-preview:large","max-video-preview":"max-video-preview:-1"},"canonical":"https:\/\/www.muratalikaravelioglu.com.tr\/en\/istiklal-sairi-mehmet-akif-ersoy-vefat-yil-donumunde-anildi\/","og_locale":"en_US","og_type":"article","og_title":"\u0130stiklal \u015eairi Mehmet Akif Ersoy, Vefat Y\u0131l D\u00f6n\u00fcm\u00fcnde An\u0131ld\u0131","og_description":"\u0130stiklal \u015eairi Mehmet Akif Ersoy, Vefat Y\u0131l D\u00f6n\u00fcm\u00fcnde An\u0131ld\u0131 \u00dcniversitemiz \u015eehit B\u00fclent Yurtseven Kamp\u00fcs\u00fcnde bulunan Ayb\u00fcke \u00d6\u011fretmen K\u0131z \u00d6\u011frenci Yurdu konferans salonunda \u201cVefat\u0131n\u0131n 88. Y\u0131l D\u00f6n\u00fcm\u00fcnde \u0130stiklal \u015eairi Mehmet Akif Ersoy\u201d konulu bir panel d\u00fczenlendi.&nbsp; T\u00fcrk Dili ve Edebiyat\u0131 B\u00f6l\u00fcm\u00fc \u00f6\u011fretim \u00fcyelerinden&nbsp;Prof. Dr. Murat Ali Karavelio\u011flu ve Do\u00e7. Dr. Abdulhakim Tu\u011fluk\u2019un konu\u015fmac\u0131 oldu\u011fu ve Mehmet [...]","og_url":"https:\/\/www.muratalikaravelioglu.com.tr\/en\/istiklal-sairi-mehmet-akif-ersoy-vefat-yil-donumunde-anildi\/","og_site_name":"Prof. Dr. Murat Ali Karavelio\u011flu","article_published_time":"2024-12-31T05:12:29+00:00","article_modified_time":"2025-09-01T11:40:08+00:00","og_image":[{"width":1200,"height":1600,"url":"https:\/\/www.muratalikaravelioglu.com.tr\/wp-content\/uploads\/2024\/12\/Prof.Dr_.Murat-Ali-Karavelio\u011flu.jpeg","type":"image\/jpeg"}],"author":"admin-secure","twitter_card":"summary_large_image","twitter_misc":{"Written by":"admin-secure","Est. reading time":"1 minute"},"schema":{"@context":"https:\/\/schema.org","@graph":[{"@type":"WebPage","@id":"https:\/\/www.muratalikaravelioglu.com.tr\/istiklal-sairi-mehmet-akif-ersoy-vefat-yil-donumunde-anildi\/","url":"https:\/\/www.muratalikaravelioglu.com.tr\/istiklal-sairi-mehmet-akif-ersoy-vefat-yil-donumunde-anildi\/","name":"\u0130stiklal \u015eairi Mehmet Akif Ersoy, Vefat Y\u0131l D\u00f6n\u00fcm\u00fcnde An\u0131ld\u0131 - Prof. Dr. Murat Ali Karavelio\u011flu","isPartOf":{"@id":"https:\/\/www.muratalikaravelioglu.com.tr\/#website"},"primaryImageOfPage":{"@id":"https:\/\/www.muratalikaravelioglu.com.tr\/istiklal-sairi-mehmet-akif-ersoy-vefat-yil-donumunde-anildi\/#primaryimage"},"image":{"@id":"https:\/\/www.muratalikaravelioglu.com.tr\/istiklal-sairi-mehmet-akif-ersoy-vefat-yil-donumunde-anildi\/#primaryimage"},"thumbnailUrl":"https:\/\/www.muratalikaravelioglu.com.tr\/wp-content\/uploads\/2024\/12\/Prof.Dr_.Murat-Ali-Karavelio\u011flu.jpeg","datePublished":"2024-12-31T05:12:29+00:00","dateModified":"2025-09-01T11:40:08+00:00","author":{"@id":"https:\/\/www.muratalikaravelioglu.com.tr\/#\/schema\/person\/71220960d2943c9c9e8efdc905c9b433"},"breadcrumb":{"@id":"https:\/\/www.muratalikaravelioglu.com.tr\/istiklal-sairi-mehmet-akif-ersoy-vefat-yil-donumunde-anildi\/#breadcrumb"},"inLanguage":"en-US","potentialAction":[{"@type":"ReadAction","target":["https:\/\/www.muratalikaravelioglu.com.tr\/istiklal-sairi-mehmet-akif-ersoy-vefat-yil-donumunde-anildi\/"]}]},{"@type":"ImageObject","inLanguage":"en-US","@id":"https:\/\/www.muratalikaravelioglu.com.tr\/istiklal-sairi-mehmet-akif-ersoy-vefat-yil-donumunde-anildi\/#primaryimage","url":"https:\/\/www.muratalikaravelioglu.com.tr\/wp-content\/uploads\/2024\/12\/Prof.Dr_.Murat-Ali-Karavelio\u011flu.jpeg","contentUrl":"https:\/\/www.muratalikaravelioglu.com.tr\/wp-content\/uploads\/2024\/12\/Prof.Dr_.Murat-Ali-Karavelio\u011flu.jpeg","width":1200,"height":1600},{"@type":"BreadcrumbList","@id":"https:\/\/www.muratalikaravelioglu.com.tr\/istiklal-sairi-mehmet-akif-ersoy-vefat-yil-donumunde-anildi\/#breadcrumb","itemListElement":[{"@type":"ListItem","position":1,"name":"Ana sayfa","item":"https:\/\/www.muratalikaravelioglu.com.tr\/"},{"@type":"ListItem","position":2,"name":"\u0130stiklal \u015eairi Mehmet Akif Ersoy, Vefat Y\u0131l D\u00f6n\u00fcm\u00fcnde An\u0131ld\u0131"}]},{"@type":"WebSite","@id":"https:\/\/www.muratalikaravelioglu.com.tr\/#website","url":"https:\/\/www.muratalikaravelioglu.com.tr\/","name":"Professor Murat Ali Karavelio\u011flu","description":"","potentialAction":[{"@type":"SearchAction","target":{"@type":"EntryPoint","urlTemplate":"https:\/\/www.muratalikaravelioglu.com.tr\/?s={search_term_string}"},"query-input":{"@type":"PropertyValueSpecification","valueRequired":true,"valueName":"search_term_string"}}],"inLanguage":"en-US"},{"@type":"Person","@id":"https:\/\/www.muratalikaravelioglu.com.tr\/#\/schema\/person\/71220960d2943c9c9e8efdc905c9b433","name":"admin-secure","image":{"@type":"ImageObject","inLanguage":"en-US","@id":"https:\/\/www.muratalikaravelioglu.com.tr\/#\/schema\/person\/image\/","url":"https:\/\/secure.gravatar.com\/avatar\/a64dc2d754a5ff1943b32f01bbee579901c565c1f49a91fb943b5ca23386451d?s=96&d=mm&r=g","contentUrl":"https:\/\/secure.gravatar.com\/avatar\/a64dc2d754a5ff1943b32f01bbee579901c565c1f49a91fb943b5ca23386451d?s=96&d=mm&r=g","caption":"admin-secure"},"url":"https:\/\/www.muratalikaravelioglu.com.tr\/en\/author\/admin-secure\/"}]}},"_links":{"self":[{"href":"https:\/\/www.muratalikaravelioglu.com.tr\/en\/wp-json\/wp\/v2\/posts\/914","targetHints":{"allow":["GET"]}}],"collection":[{"href":"https:\/\/www.muratalikaravelioglu.com.tr\/en\/wp-json\/wp\/v2\/posts"}],"about":[{"href":"https:\/\/www.muratalikaravelioglu.com.tr\/en\/wp-json\/wp\/v2\/types\/post"}],"author":[{"embeddable":true,"href":"https:\/\/www.muratalikaravelioglu.com.tr\/en\/wp-json\/wp\/v2\/users\/1"}],"replies":[{"embeddable":true,"href":"https:\/\/www.muratalikaravelioglu.com.tr\/en\/wp-json\/wp\/v2\/comments?post=914"}],"version-history":[{"count":1,"href":"https:\/\/www.muratalikaravelioglu.com.tr\/en\/wp-json\/wp\/v2\/posts\/914\/revisions"}],"predecessor-version":[{"id":916,"href":"https:\/\/www.muratalikaravelioglu.com.tr\/en\/wp-json\/wp\/v2\/posts\/914\/revisions\/916"}],"wp:featuredmedia":[{"embeddable":true,"href":"https:\/\/www.muratalikaravelioglu.com.tr\/en\/wp-json\/wp\/v2\/media\/915"}],"wp:attachment":[{"href":"https:\/\/www.muratalikaravelioglu.com.tr\/en\/wp-json\/wp\/v2\/media?parent=914"}],"wp:term":[{"taxonomy":"category","embeddable":true,"href":"https:\/\/www.muratalikaravelioglu.com.tr\/en\/wp-json\/wp\/v2\/categories?post=914"},{"taxonomy":"post_tag","embeddable":true,"href":"https:\/\/www.muratalikaravelioglu.com.tr\/en\/wp-json\/wp\/v2\/tags?post=914"}],"curies":[{"name":"wp","href":"https:\/\/api.w.org\/{rel}","templated":true}]}}