{"id":890,"date":"2024-03-11T15:02:21","date_gmt":"2024-03-11T15:02:21","guid":{"rendered":"https:\/\/www.muratalikaravelioglu.com.tr\/?p=890"},"modified":"2025-09-01T11:44:42","modified_gmt":"2025-09-01T11:44:42","slug":"tomer-mudurleri-koordinasyon-toplantisi-gerceklestirildi","status":"publish","type":"post","link":"https:\/\/www.muratalikaravelioglu.com.tr\/en\/tomer-mudurleri-koordinasyon-toplantisi-gerceklestirildi\/","title":{"rendered":"T\u00d6MER Directors Coordination Meeting Held"},"content":{"rendered":"<h2><strong>The \u201cT\u00d6MER Directors Coordination Meeting\u201d organized by the Yunus Emre Institute was held in Ankara.<\/strong><\/h2>\n<p>The workshop and meeting organized in Ankara by the Yunus Emre Foundation, affiliated with the Yunus Emre Institute, with the participation of 130 Turkish Language Teaching Application and Research Centers and Language Centers from various universities, was attended by Prof. Dr. Murat Ali Karavelio\u011flu, Director of T\u00d6MER, representing our University.<\/p>\n<p>Participants, divided into groups, discussed all aspects of teaching Turkish to foreigners in our country during three sessions covering fundamental problems encountered in teaching Turkish to foreigners, proposed solutions, and T\u00d6MER-YEE relations and collaborations.<\/p>\n<p><img loading=\"lazy\" decoding=\"async\" class=\"size-medium wp-image-892 alignleft\" src=\"https:\/\/www.muratalikaravelioglu.com.tr\/wp-content\/uploads\/2024\/03\/T\u00d6MER-M\u00fcd\u00fcr\u00fc-Prof.Dr_.Murat-Ali-Karavelio\u011flu-225x300.jpeg\" alt=\"\" width=\"225\" height=\"300\" srcset=\"https:\/\/www.muratalikaravelioglu.com.tr\/wp-content\/uploads\/2024\/03\/T\u00d6MER-M\u00fcd\u00fcr\u00fc-Prof.Dr_.Murat-Ali-Karavelio\u011flu-225x300.jpeg 225w, https:\/\/www.muratalikaravelioglu.com.tr\/wp-content\/uploads\/2024\/03\/T\u00d6MER-M\u00fcd\u00fcr\u00fc-Prof.Dr_.Murat-Ali-Karavelio\u011flu-768x1024.jpeg 768w, https:\/\/www.muratalikaravelioglu.com.tr\/wp-content\/uploads\/2024\/03\/T\u00d6MER-M\u00fcd\u00fcr\u00fc-Prof.Dr_.Murat-Ali-Karavelio\u011flu-1152x1536.jpeg 1152w, https:\/\/www.muratalikaravelioglu.com.tr\/wp-content\/uploads\/2024\/03\/T\u00d6MER-M\u00fcd\u00fcr\u00fc-Prof.Dr_.Murat-Ali-Karavelio\u011flu.jpeg 1200w\" sizes=\"auto, (max-width: 225px) 100vw, 225px\" \/><\/p>\n<p>The negotiation session held at the end of the meetings took place in an environment where all groups' findings, opinions, and proposals were addressed and discussed.<\/p>\n<p>Following the workshop and negotiation session, our T\u00d6MER Director Prof. Dr. Murat Ali Karavelio\u011flu was selected as one of three academic members of the evaluation committee for project grants to be awarded separately to Turkish language teachers and learners by the Yunus Emre Foundation.<\/p>\n<p>&nbsp;<\/p>","protected":false},"excerpt":{"rendered":"<p>The \u201cT\u00d6MER Directors Coordination Meeting\u201d organized by the Yunus Emre Institute was held in Ankara. The workshop and meeting, organized in Ankara by the Yunus Emre Foundation affiliated with the Yunus Emre Institute and attended by 130 Turkish Language Teaching Application and Research Centers and Language Centers from various universities, was attended by T\u00d6MER Director Prof. Dr. Murat Ali Karavelio\u011flu on behalf of our University. The fundamental problems encountered in teaching Turkish to foreigners, [\u2026]","protected":false},"author":1,"featured_media":892,"comment_status":"closed","ping_status":"open","sticky":false,"template":"","format":"standard","meta":{"ngg_post_thumbnail":0,"footnotes":""},"categories":[52],"tags":[],"class_list":["post-890","post","type-post","status-publish","format-standard","has-post-thumbnail","hentry","category-genel"],"yoast_head":"<!-- This site is optimized with the Yoast SEO Premium plugin v25.7.1 (Yoast SEO v26.1.1) - https:\/\/yoast.com\/wordpress\/plugins\/seo\/ -->\n<title>T\u00d6MER M\u00fcd\u00fcrleri Koordinasyon Toplant\u0131s\u0131 Ger\u00e7ekle\u015ftirildi - Prof. Dr. Murat Ali Karavelio\u011flu<\/title>\n<meta name=\"robots\" content=\"index, follow, max-snippet:-1, max-image-preview:large, max-video-preview:-1\" \/>\n<link rel=\"canonical\" href=\"https:\/\/www.muratalikaravelioglu.com.tr\/en\/tomer-mudurleri-koordinasyon-toplantisi-gerceklestirildi\/\" \/>\n<meta property=\"og:locale\" content=\"en_US\" \/>\n<meta property=\"og:type\" content=\"article\" \/>\n<meta property=\"og:title\" content=\"T\u00d6MER M\u00fcd\u00fcrleri Koordinasyon Toplant\u0131s\u0131 Ger\u00e7ekle\u015ftirildi\" \/>\n<meta property=\"og:description\" content=\"Yunus Emre Enstit\u00fcs\u00fc taraf\u0131ndan d\u00fczenlenen \u201cT\u00d6MER M\u00fcd\u00fcrleri Koordinasyon Toplant\u0131s\u0131\u201d Ankara\u2019da ger\u00e7ekle\u015ftirildi. Yunus Emre Enstit\u00fcs\u00fcne ba\u011fl\u0131 Yunus Emre Vakf\u0131 taraf\u0131ndan Ankara\u2019da d\u00fczenlenen ve \u00e7e\u015fitli \u00fcniversitelerden 130 T\u00fcrk\u00e7e \u00d6\u011fretimi Uygulama ve Ara\u015ft\u0131rma Merkezi ve Dil Merkezinin i\u015ftirakiyle ger\u00e7ekle\u015ftirilen \u00e7al\u0131\u015ftay ve toplant\u0131ya, \u00dcniversitemizi temsilen T\u00d6MER M\u00fcd\u00fcr\u00fc Prof. Dr. Murat Ali Karavelio\u011flu kat\u0131ld\u0131. Yabanc\u0131lara T\u00fcrk\u00e7e \u00f6\u011fretiminde kar\u015f\u0131la\u015f\u0131lan temel sorunlar, [...]\" \/>\n<meta property=\"og:url\" content=\"https:\/\/www.muratalikaravelioglu.com.tr\/en\/tomer-mudurleri-koordinasyon-toplantisi-gerceklestirildi\/\" \/>\n<meta property=\"og:site_name\" content=\"Prof. Dr. Murat Ali Karavelio\u011flu\" \/>\n<meta property=\"article:published_time\" content=\"2024-03-11T15:02:21+00:00\" \/>\n<meta property=\"article:modified_time\" content=\"2025-09-01T11:44:42+00:00\" \/>\n<meta property=\"og:image\" content=\"https:\/\/www.muratalikaravelioglu.com.tr\/wp-content\/uploads\/2024\/03\/T\u00d6MER-M\u00fcd\u00fcr\u00fc-Prof.Dr_.Murat-Ali-Karavelio\u011flu.jpeg\" \/>\n\t<meta property=\"og:image:width\" content=\"1200\" \/>\n\t<meta property=\"og:image:height\" content=\"1600\" \/>\n\t<meta property=\"og:image:type\" content=\"image\/jpeg\" \/>\n<meta name=\"author\" content=\"admin-secure\" \/>\n<meta name=\"twitter:card\" content=\"summary_large_image\" \/>\n<meta name=\"twitter:label1\" content=\"Written by\" \/>\n\t<meta name=\"twitter:data1\" content=\"admin-secure\" \/>\n\t<meta name=\"twitter:label2\" content=\"Est. reading time\" \/>\n\t<meta name=\"twitter:data2\" content=\"1 minute\" \/>\n<script type=\"application\/ld+json\" class=\"yoast-schema-graph\">{\"@context\":\"https:\/\/schema.org\",\"@graph\":[{\"@type\":\"WebPage\",\"@id\":\"https:\/\/www.muratalikaravelioglu.com.tr\/tomer-mudurleri-koordinasyon-toplantisi-gerceklestirildi\/\",\"url\":\"https:\/\/www.muratalikaravelioglu.com.tr\/tomer-mudurleri-koordinasyon-toplantisi-gerceklestirildi\/\",\"name\":\"T\u00d6MER M\u00fcd\u00fcrleri Koordinasyon Toplant\u0131s\u0131 Ger\u00e7ekle\u015ftirildi - Prof. Dr. Murat Ali Karavelio\u011flu\",\"isPartOf\":{\"@id\":\"https:\/\/www.muratalikaravelioglu.com.tr\/#website\"},\"primaryImageOfPage\":{\"@id\":\"https:\/\/www.muratalikaravelioglu.com.tr\/tomer-mudurleri-koordinasyon-toplantisi-gerceklestirildi\/#primaryimage\"},\"image\":{\"@id\":\"https:\/\/www.muratalikaravelioglu.com.tr\/tomer-mudurleri-koordinasyon-toplantisi-gerceklestirildi\/#primaryimage\"},\"thumbnailUrl\":\"https:\/\/www.muratalikaravelioglu.com.tr\/wp-content\/uploads\/2024\/03\/T\u00d6MER-M\u00fcd\u00fcr\u00fc-Prof.Dr_.Murat-Ali-Karavelio\u011flu.jpeg\",\"datePublished\":\"2024-03-11T15:02:21+00:00\",\"dateModified\":\"2025-09-01T11:44:42+00:00\",\"author\":{\"@id\":\"https:\/\/www.muratalikaravelioglu.com.tr\/#\/schema\/person\/71220960d2943c9c9e8efdc905c9b433\"},\"breadcrumb\":{\"@id\":\"https:\/\/www.muratalikaravelioglu.com.tr\/tomer-mudurleri-koordinasyon-toplantisi-gerceklestirildi\/#breadcrumb\"},\"inLanguage\":\"en-US\",\"potentialAction\":[{\"@type\":\"ReadAction\",\"target\":[\"https:\/\/www.muratalikaravelioglu.com.tr\/tomer-mudurleri-koordinasyon-toplantisi-gerceklestirildi\/\"]}]},{\"@type\":\"ImageObject\",\"inLanguage\":\"en-US\",\"@id\":\"https:\/\/www.muratalikaravelioglu.com.tr\/tomer-mudurleri-koordinasyon-toplantisi-gerceklestirildi\/#primaryimage\",\"url\":\"https:\/\/www.muratalikaravelioglu.com.tr\/wp-content\/uploads\/2024\/03\/T\u00d6MER-M\u00fcd\u00fcr\u00fc-Prof.Dr_.Murat-Ali-Karavelio\u011flu.jpeg\",\"contentUrl\":\"https:\/\/www.muratalikaravelioglu.com.tr\/wp-content\/uploads\/2024\/03\/T\u00d6MER-M\u00fcd\u00fcr\u00fc-Prof.Dr_.Murat-Ali-Karavelio\u011flu.jpeg\",\"width\":1200,\"height\":1600},{\"@type\":\"BreadcrumbList\",\"@id\":\"https:\/\/www.muratalikaravelioglu.com.tr\/tomer-mudurleri-koordinasyon-toplantisi-gerceklestirildi\/#breadcrumb\",\"itemListElement\":[{\"@type\":\"ListItem\",\"position\":1,\"name\":\"Ana sayfa\",\"item\":\"https:\/\/www.muratalikaravelioglu.com.tr\/\"},{\"@type\":\"ListItem\",\"position\":2,\"name\":\"T\u00d6MER M\u00fcd\u00fcrleri Koordinasyon Toplant\u0131s\u0131 Ger\u00e7ekle\u015ftirildi\"}]},{\"@type\":\"WebSite\",\"@id\":\"https:\/\/www.muratalikaravelioglu.com.tr\/#website\",\"url\":\"https:\/\/www.muratalikaravelioglu.com.tr\/\",\"name\":\"Prof. Dr. Murat Ali Karavelio\u011flu\",\"description\":\"\",\"potentialAction\":[{\"@type\":\"SearchAction\",\"target\":{\"@type\":\"EntryPoint\",\"urlTemplate\":\"https:\/\/www.muratalikaravelioglu.com.tr\/?s={search_term_string}\"},\"query-input\":{\"@type\":\"PropertyValueSpecification\",\"valueRequired\":true,\"valueName\":\"search_term_string\"}}],\"inLanguage\":\"en-US\"},{\"@type\":\"Person\",\"@id\":\"https:\/\/www.muratalikaravelioglu.com.tr\/#\/schema\/person\/71220960d2943c9c9e8efdc905c9b433\",\"name\":\"admin-secure\",\"image\":{\"@type\":\"ImageObject\",\"inLanguage\":\"en-US\",\"@id\":\"https:\/\/www.muratalikaravelioglu.com.tr\/#\/schema\/person\/image\/\",\"url\":\"https:\/\/secure.gravatar.com\/avatar\/a64dc2d754a5ff1943b32f01bbee579901c565c1f49a91fb943b5ca23386451d?s=96&d=mm&r=g\",\"contentUrl\":\"https:\/\/secure.gravatar.com\/avatar\/a64dc2d754a5ff1943b32f01bbee579901c565c1f49a91fb943b5ca23386451d?s=96&d=mm&r=g\",\"caption\":\"admin-secure\"},\"url\":\"https:\/\/www.muratalikaravelioglu.com.tr\/en\/author\/admin-secure\/\"}]}<\/script>\n<!-- \/ Yoast SEO Premium plugin. -->","yoast_head_json":{"title":"T\u00d6MER M\u00fcd\u00fcrleri Koordinasyon Toplant\u0131s\u0131 Ger\u00e7ekle\u015ftirildi - Prof. Dr. Murat Ali Karavelio\u011flu","robots":{"index":"index","follow":"follow","max-snippet":"max-snippet:-1","max-image-preview":"max-image-preview:large","max-video-preview":"max-video-preview:-1"},"canonical":"https:\/\/www.muratalikaravelioglu.com.tr\/en\/tomer-mudurleri-koordinasyon-toplantisi-gerceklestirildi\/","og_locale":"en_US","og_type":"article","og_title":"T\u00d6MER M\u00fcd\u00fcrleri Koordinasyon Toplant\u0131s\u0131 Ger\u00e7ekle\u015ftirildi","og_description":"Yunus Emre Enstit\u00fcs\u00fc taraf\u0131ndan d\u00fczenlenen \u201cT\u00d6MER M\u00fcd\u00fcrleri Koordinasyon Toplant\u0131s\u0131\u201d Ankara\u2019da ger\u00e7ekle\u015ftirildi. Yunus Emre Enstit\u00fcs\u00fcne ba\u011fl\u0131 Yunus Emre Vakf\u0131 taraf\u0131ndan Ankara\u2019da d\u00fczenlenen ve \u00e7e\u015fitli \u00fcniversitelerden 130 T\u00fcrk\u00e7e \u00d6\u011fretimi Uygulama ve Ara\u015ft\u0131rma Merkezi ve Dil Merkezinin i\u015ftirakiyle ger\u00e7ekle\u015ftirilen \u00e7al\u0131\u015ftay ve toplant\u0131ya, \u00dcniversitemizi temsilen T\u00d6MER M\u00fcd\u00fcr\u00fc Prof. Dr. Murat Ali Karavelio\u011flu kat\u0131ld\u0131. Yabanc\u0131lara T\u00fcrk\u00e7e \u00f6\u011fretiminde kar\u015f\u0131la\u015f\u0131lan temel sorunlar, [...]","og_url":"https:\/\/www.muratalikaravelioglu.com.tr\/en\/tomer-mudurleri-koordinasyon-toplantisi-gerceklestirildi\/","og_site_name":"Prof. Dr. Murat Ali Karavelio\u011flu","article_published_time":"2024-03-11T15:02:21+00:00","article_modified_time":"2025-09-01T11:44:42+00:00","og_image":[{"width":1200,"height":1600,"url":"https:\/\/www.muratalikaravelioglu.com.tr\/wp-content\/uploads\/2024\/03\/T\u00d6MER-M\u00fcd\u00fcr\u00fc-Prof.Dr_.Murat-Ali-Karavelio\u011flu.jpeg","type":"image\/jpeg"}],"author":"admin-secure","twitter_card":"summary_large_image","twitter_misc":{"Written by":"admin-secure","Est. reading time":"1 minute"},"schema":{"@context":"https:\/\/schema.org","@graph":[{"@type":"WebPage","@id":"https:\/\/www.muratalikaravelioglu.com.tr\/tomer-mudurleri-koordinasyon-toplantisi-gerceklestirildi\/","url":"https:\/\/www.muratalikaravelioglu.com.tr\/tomer-mudurleri-koordinasyon-toplantisi-gerceklestirildi\/","name":"T\u00d6MER M\u00fcd\u00fcrleri Koordinasyon Toplant\u0131s\u0131 Ger\u00e7ekle\u015ftirildi - Prof. Dr. Murat Ali Karavelio\u011flu","isPartOf":{"@id":"https:\/\/www.muratalikaravelioglu.com.tr\/#website"},"primaryImageOfPage":{"@id":"https:\/\/www.muratalikaravelioglu.com.tr\/tomer-mudurleri-koordinasyon-toplantisi-gerceklestirildi\/#primaryimage"},"image":{"@id":"https:\/\/www.muratalikaravelioglu.com.tr\/tomer-mudurleri-koordinasyon-toplantisi-gerceklestirildi\/#primaryimage"},"thumbnailUrl":"https:\/\/www.muratalikaravelioglu.com.tr\/wp-content\/uploads\/2024\/03\/T\u00d6MER-M\u00fcd\u00fcr\u00fc-Prof.Dr_.Murat-Ali-Karavelio\u011flu.jpeg","datePublished":"2024-03-11T15:02:21+00:00","dateModified":"2025-09-01T11:44:42+00:00","author":{"@id":"https:\/\/www.muratalikaravelioglu.com.tr\/#\/schema\/person\/71220960d2943c9c9e8efdc905c9b433"},"breadcrumb":{"@id":"https:\/\/www.muratalikaravelioglu.com.tr\/tomer-mudurleri-koordinasyon-toplantisi-gerceklestirildi\/#breadcrumb"},"inLanguage":"en-US","potentialAction":[{"@type":"ReadAction","target":["https:\/\/www.muratalikaravelioglu.com.tr\/tomer-mudurleri-koordinasyon-toplantisi-gerceklestirildi\/"]}]},{"@type":"ImageObject","inLanguage":"en-US","@id":"https:\/\/www.muratalikaravelioglu.com.tr\/tomer-mudurleri-koordinasyon-toplantisi-gerceklestirildi\/#primaryimage","url":"https:\/\/www.muratalikaravelioglu.com.tr\/wp-content\/uploads\/2024\/03\/T\u00d6MER-M\u00fcd\u00fcr\u00fc-Prof.Dr_.Murat-Ali-Karavelio\u011flu.jpeg","contentUrl":"https:\/\/www.muratalikaravelioglu.com.tr\/wp-content\/uploads\/2024\/03\/T\u00d6MER-M\u00fcd\u00fcr\u00fc-Prof.Dr_.Murat-Ali-Karavelio\u011flu.jpeg","width":1200,"height":1600},{"@type":"BreadcrumbList","@id":"https:\/\/www.muratalikaravelioglu.com.tr\/tomer-mudurleri-koordinasyon-toplantisi-gerceklestirildi\/#breadcrumb","itemListElement":[{"@type":"ListItem","position":1,"name":"Ana sayfa","item":"https:\/\/www.muratalikaravelioglu.com.tr\/"},{"@type":"ListItem","position":2,"name":"T\u00d6MER M\u00fcd\u00fcrleri Koordinasyon Toplant\u0131s\u0131 Ger\u00e7ekle\u015ftirildi"}]},{"@type":"WebSite","@id":"https:\/\/www.muratalikaravelioglu.com.tr\/#website","url":"https:\/\/www.muratalikaravelioglu.com.tr\/","name":"Professor Murat Ali Karavelio\u011flu","description":"","potentialAction":[{"@type":"SearchAction","target":{"@type":"EntryPoint","urlTemplate":"https:\/\/www.muratalikaravelioglu.com.tr\/?s={search_term_string}"},"query-input":{"@type":"PropertyValueSpecification","valueRequired":true,"valueName":"search_term_string"}}],"inLanguage":"en-US"},{"@type":"Person","@id":"https:\/\/www.muratalikaravelioglu.com.tr\/#\/schema\/person\/71220960d2943c9c9e8efdc905c9b433","name":"admin-secure","image":{"@type":"ImageObject","inLanguage":"en-US","@id":"https:\/\/www.muratalikaravelioglu.com.tr\/#\/schema\/person\/image\/","url":"https:\/\/secure.gravatar.com\/avatar\/a64dc2d754a5ff1943b32f01bbee579901c565c1f49a91fb943b5ca23386451d?s=96&d=mm&r=g","contentUrl":"https:\/\/secure.gravatar.com\/avatar\/a64dc2d754a5ff1943b32f01bbee579901c565c1f49a91fb943b5ca23386451d?s=96&d=mm&r=g","caption":"admin-secure"},"url":"https:\/\/www.muratalikaravelioglu.com.tr\/en\/author\/admin-secure\/"}]}},"_links":{"self":[{"href":"https:\/\/www.muratalikaravelioglu.com.tr\/en\/wp-json\/wp\/v2\/posts\/890","targetHints":{"allow":["GET"]}}],"collection":[{"href":"https:\/\/www.muratalikaravelioglu.com.tr\/en\/wp-json\/wp\/v2\/posts"}],"about":[{"href":"https:\/\/www.muratalikaravelioglu.com.tr\/en\/wp-json\/wp\/v2\/types\/post"}],"author":[{"embeddable":true,"href":"https:\/\/www.muratalikaravelioglu.com.tr\/en\/wp-json\/wp\/v2\/users\/1"}],"replies":[{"embeddable":true,"href":"https:\/\/www.muratalikaravelioglu.com.tr\/en\/wp-json\/wp\/v2\/comments?post=890"}],"version-history":[{"count":1,"href":"https:\/\/www.muratalikaravelioglu.com.tr\/en\/wp-json\/wp\/v2\/posts\/890\/revisions"}],"predecessor-version":[{"id":893,"href":"https:\/\/www.muratalikaravelioglu.com.tr\/en\/wp-json\/wp\/v2\/posts\/890\/revisions\/893"}],"wp:featuredmedia":[{"embeddable":true,"href":"https:\/\/www.muratalikaravelioglu.com.tr\/en\/wp-json\/wp\/v2\/media\/892"}],"wp:attachment":[{"href":"https:\/\/www.muratalikaravelioglu.com.tr\/en\/wp-json\/wp\/v2\/media?parent=890"}],"wp:term":[{"taxonomy":"category","embeddable":true,"href":"https:\/\/www.muratalikaravelioglu.com.tr\/en\/wp-json\/wp\/v2\/categories?post=890"},{"taxonomy":"post_tag","embeddable":true,"href":"https:\/\/www.muratalikaravelioglu.com.tr\/en\/wp-json\/wp\/v2\/tags?post=890"}],"curies":[{"name":"wp","href":"https:\/\/api.w.org\/{rel}","templated":true}]}}