{"id":880,"date":"2024-03-02T12:52:18","date_gmt":"2024-03-02T12:52:18","guid":{"rendered":"https:\/\/www.muratalikaravelioglu.com.tr\/?p=880"},"modified":"2025-09-01T11:47:36","modified_gmt":"2025-09-01T11:47:36","slug":"prof-dr-murat-ali-karavelioglu-kutadgu-bilig-okumalari-il-paneli","status":"publish","type":"post","link":"https:\/\/www.muratalikaravelioglu.com.tr\/en\/prof-dr-murat-ali-karavelioglu-kutadgu-bilig-okumalari-il-paneli\/","title":{"rendered":"Prof. Dr. Murat Ali KARAVEL\u0130O\u011eLU, Kutadgu Bilig Readings Provincial Panel"},"content":{"rendered":"<p>I\u011fd\u0131r Mehmet Murat \u0130\u015fler High School of Social Sciences<br \/>\nThe Kutadgu Bilig Readings Provincial Panel, organized by the Ministry of National Education's General Directorate of Secondary Education as part of the Read-Comment, I'm Writing Project, was held in our school's conference hall on February 29, 2024.<\/p>\n<p><img loading=\"lazy\" decoding=\"async\" class=\"size-medium wp-image-882 alignleft\" src=\"https:\/\/www.muratalikaravelioglu.com.tr\/wp-content\/uploads\/2024\/03\/Kutadgu-Bilig-Okumalar\u0131-Prof.Dr_.Murat-Ali-Karavelio\u011flu-300x196.jpg\" alt=\"\" width=\"300\" height=\"196\" srcset=\"https:\/\/www.muratalikaravelioglu.com.tr\/wp-content\/uploads\/2024\/03\/Kutadgu-Bilig-Okumalar\u0131-Prof.Dr_.Murat-Ali-Karavelio\u011flu-300x196.jpg 300w, https:\/\/www.muratalikaravelioglu.com.tr\/wp-content\/uploads\/2024\/03\/Kutadgu-Bilig-Okumalar\u0131-Prof.Dr_.Murat-Ali-Karavelio\u011flu-1024x668.jpg 1024w, https:\/\/www.muratalikaravelioglu.com.tr\/wp-content\/uploads\/2024\/03\/Kutadgu-Bilig-Okumalar\u0131-Prof.Dr_.Murat-Ali-Karavelio\u011flu-768x501.jpg 768w, https:\/\/www.muratalikaravelioglu.com.tr\/wp-content\/uploads\/2024\/03\/Kutadgu-Bilig-Okumalar\u0131-Prof.Dr_.Murat-Ali-Karavelio\u011flu.jpg 1185w\" sizes=\"auto, (max-width: 300px) 100vw, 300px\" \/><\/p>\n<p>&nbsp;<\/p>\n<p>Our school's students and teachers, Professor Murat Ali Karavelio\u011flu and Associate Professor Nesrin G\u00fcll\u00fcda\u011f from the Department of Turkish Language and Literature at I\u011fd\u0131r University participated in the panel. Following the panelists' speeches, our esteemed academics delivered their closing remarks.<\/p>\n<p>&nbsp;<\/p>","protected":false},"excerpt":{"rendered":"<p>The Kutadgu Bilig Readings Provincial Panel, organized by the Ministry of National Education's General Directorate of Secondary Education as part of the Oku-Yorum, Yaz\u0131yorum (I Read, I Write) Project, was held in our school's conference hall on February 29, 2024.   The panel was attended by our school's students and teachers, as well as Professor Murat Ali Karavelio\u011flu and Associate Professor Nesrin G\u00fcll\u00fcda\u011f from the Department of Turkish Language and Literature at I\u011fd\u0131r University.","protected":false},"author":1,"featured_media":882,"comment_status":"closed","ping_status":"open","sticky":false,"template":"","format":"standard","meta":{"ngg_post_thumbnail":0,"footnotes":""},"categories":[52],"tags":[],"class_list":["post-880","post","type-post","status-publish","format-standard","has-post-thumbnail","hentry","category-genel"],"yoast_head":"<!-- This site is optimized with the Yoast SEO Premium plugin v25.7.1 (Yoast SEO v26.1.1) - https:\/\/yoast.com\/wordpress\/plugins\/seo\/ -->\n<title>Prof. Dr. Murat Ali KARAVEL\u0130O\u011eLU, Kutadgu Bilig Okumalar\u0131 \u0130l Paneli - Prof. Dr. Murat Ali Karavelio\u011flu<\/title>\n<meta name=\"robots\" content=\"index, follow, max-snippet:-1, max-image-preview:large, max-video-preview:-1\" \/>\n<link rel=\"canonical\" href=\"https:\/\/www.muratalikaravelioglu.com.tr\/en\/prof-dr-murat-ali-karavelioglu-kutadgu-bilig-okumalari-il-paneli\/\" \/>\n<meta property=\"og:locale\" content=\"en_US\" \/>\n<meta property=\"og:type\" content=\"article\" \/>\n<meta property=\"og:title\" content=\"Prof. Dr. Murat Ali KARAVEL\u0130O\u011eLU, Kutadgu Bilig Okumalar\u0131 \u0130l Paneli\" \/>\n<meta property=\"og:description\" content=\"I\u011fd\u0131r Mehmet Murat \u0130\u015fler Sosyal Bilimler Lisesi Mill\u00ee E\u011fitim Bakanl\u0131\u011f\u0131 Orta\u00f6\u011fretim Genel M\u00fcd\u00fcrl\u00fc\u011f\u00fc taraf\u0131ndan d\u00fczenlenen Oku-Yorum, Yaz\u0131yorum Projesi kapsam\u0131nda Kutadgu Bilig Okumalar\u0131 \u0130l Paneli okulumuzun konferans salonunda 29.02.2024 tarihinde d\u00fczenlenmi\u015ftir. &nbsp; Panele okulumuz \u00f6\u011frenci ve \u00f6\u011fretmenleri, I\u011fd\u0131r \u00dcniversitesi T\u00fcrk Dili ve Edebiyat\u0131 B\u00f6l\u00fcm\u00fc akademisyenlerinden Profes\u00f6r Doktor Murat Ali Karavelio\u011flu ve Do\u00e7ent Doktor Nesrin G\u00fcll\u00fcda\u011f kat\u0131l\u0131m [...]\" \/>\n<meta property=\"og:url\" content=\"https:\/\/www.muratalikaravelioglu.com.tr\/en\/prof-dr-murat-ali-karavelioglu-kutadgu-bilig-okumalari-il-paneli\/\" \/>\n<meta property=\"og:site_name\" content=\"Prof. Dr. Murat Ali Karavelio\u011flu\" \/>\n<meta property=\"article:published_time\" content=\"2024-03-02T12:52:18+00:00\" \/>\n<meta property=\"article:modified_time\" content=\"2025-09-01T11:47:36+00:00\" \/>\n<meta property=\"og:image\" content=\"https:\/\/www.muratalikaravelioglu.com.tr\/wp-content\/uploads\/2024\/03\/Kutadgu-Bilig-Okumalar\u0131-Prof.Dr_.Murat-Ali-Karavelio\u011flu.jpg\" \/>\n\t<meta property=\"og:image:width\" content=\"1185\" \/>\n\t<meta property=\"og:image:height\" content=\"773\" \/>\n\t<meta property=\"og:image:type\" content=\"image\/jpeg\" \/>\n<meta name=\"author\" content=\"admin-secure\" \/>\n<meta name=\"twitter:card\" content=\"summary_large_image\" \/>\n<meta name=\"twitter:label1\" content=\"Written by\" \/>\n\t<meta name=\"twitter:data1\" content=\"admin-secure\" \/>\n\t<meta name=\"twitter:label2\" content=\"Est. reading time\" \/>\n\t<meta name=\"twitter:data2\" content=\"1 minute\" \/>\n<script type=\"application\/ld+json\" class=\"yoast-schema-graph\">{\"@context\":\"https:\/\/schema.org\",\"@graph\":[{\"@type\":\"WebPage\",\"@id\":\"https:\/\/www.muratalikaravelioglu.com.tr\/prof-dr-murat-ali-karavelioglu-kutadgu-bilig-okumalari-il-paneli\/\",\"url\":\"https:\/\/www.muratalikaravelioglu.com.tr\/prof-dr-murat-ali-karavelioglu-kutadgu-bilig-okumalari-il-paneli\/\",\"name\":\"Prof. Dr. Murat Ali KARAVEL\u0130O\u011eLU, Kutadgu Bilig Okumalar\u0131 \u0130l Paneli - Prof. Dr. Murat Ali Karavelio\u011flu\",\"isPartOf\":{\"@id\":\"https:\/\/www.muratalikaravelioglu.com.tr\/#website\"},\"primaryImageOfPage\":{\"@id\":\"https:\/\/www.muratalikaravelioglu.com.tr\/prof-dr-murat-ali-karavelioglu-kutadgu-bilig-okumalari-il-paneli\/#primaryimage\"},\"image\":{\"@id\":\"https:\/\/www.muratalikaravelioglu.com.tr\/prof-dr-murat-ali-karavelioglu-kutadgu-bilig-okumalari-il-paneli\/#primaryimage\"},\"thumbnailUrl\":\"https:\/\/www.muratalikaravelioglu.com.tr\/wp-content\/uploads\/2024\/03\/Kutadgu-Bilig-Okumalar\u0131-Prof.Dr_.Murat-Ali-Karavelio\u011flu.jpg\",\"datePublished\":\"2024-03-02T12:52:18+00:00\",\"dateModified\":\"2025-09-01T11:47:36+00:00\",\"author\":{\"@id\":\"https:\/\/www.muratalikaravelioglu.com.tr\/#\/schema\/person\/71220960d2943c9c9e8efdc905c9b433\"},\"breadcrumb\":{\"@id\":\"https:\/\/www.muratalikaravelioglu.com.tr\/prof-dr-murat-ali-karavelioglu-kutadgu-bilig-okumalari-il-paneli\/#breadcrumb\"},\"inLanguage\":\"en-US\",\"potentialAction\":[{\"@type\":\"ReadAction\",\"target\":[\"https:\/\/www.muratalikaravelioglu.com.tr\/prof-dr-murat-ali-karavelioglu-kutadgu-bilig-okumalari-il-paneli\/\"]}]},{\"@type\":\"ImageObject\",\"inLanguage\":\"en-US\",\"@id\":\"https:\/\/www.muratalikaravelioglu.com.tr\/prof-dr-murat-ali-karavelioglu-kutadgu-bilig-okumalari-il-paneli\/#primaryimage\",\"url\":\"https:\/\/www.muratalikaravelioglu.com.tr\/wp-content\/uploads\/2024\/03\/Kutadgu-Bilig-Okumalar\u0131-Prof.Dr_.Murat-Ali-Karavelio\u011flu.jpg\",\"contentUrl\":\"https:\/\/www.muratalikaravelioglu.com.tr\/wp-content\/uploads\/2024\/03\/Kutadgu-Bilig-Okumalar\u0131-Prof.Dr_.Murat-Ali-Karavelio\u011flu.jpg\",\"width\":1185,\"height\":773},{\"@type\":\"BreadcrumbList\",\"@id\":\"https:\/\/www.muratalikaravelioglu.com.tr\/prof-dr-murat-ali-karavelioglu-kutadgu-bilig-okumalari-il-paneli\/#breadcrumb\",\"itemListElement\":[{\"@type\":\"ListItem\",\"position\":1,\"name\":\"Ana sayfa\",\"item\":\"https:\/\/www.muratalikaravelioglu.com.tr\/\"},{\"@type\":\"ListItem\",\"position\":2,\"name\":\"Prof. Dr. Murat Ali KARAVEL\u0130O\u011eLU, Kutadgu Bilig Okumalar\u0131 \u0130l Paneli\"}]},{\"@type\":\"WebSite\",\"@id\":\"https:\/\/www.muratalikaravelioglu.com.tr\/#website\",\"url\":\"https:\/\/www.muratalikaravelioglu.com.tr\/\",\"name\":\"Prof. Dr. Murat Ali Karavelio\u011flu\",\"description\":\"\",\"potentialAction\":[{\"@type\":\"SearchAction\",\"target\":{\"@type\":\"EntryPoint\",\"urlTemplate\":\"https:\/\/www.muratalikaravelioglu.com.tr\/?s={search_term_string}\"},\"query-input\":{\"@type\":\"PropertyValueSpecification\",\"valueRequired\":true,\"valueName\":\"search_term_string\"}}],\"inLanguage\":\"en-US\"},{\"@type\":\"Person\",\"@id\":\"https:\/\/www.muratalikaravelioglu.com.tr\/#\/schema\/person\/71220960d2943c9c9e8efdc905c9b433\",\"name\":\"admin-secure\",\"image\":{\"@type\":\"ImageObject\",\"inLanguage\":\"en-US\",\"@id\":\"https:\/\/www.muratalikaravelioglu.com.tr\/#\/schema\/person\/image\/\",\"url\":\"https:\/\/secure.gravatar.com\/avatar\/a64dc2d754a5ff1943b32f01bbee579901c565c1f49a91fb943b5ca23386451d?s=96&d=mm&r=g\",\"contentUrl\":\"https:\/\/secure.gravatar.com\/avatar\/a64dc2d754a5ff1943b32f01bbee579901c565c1f49a91fb943b5ca23386451d?s=96&d=mm&r=g\",\"caption\":\"admin-secure\"},\"url\":\"https:\/\/www.muratalikaravelioglu.com.tr\/en\/author\/admin-secure\/\"}]}<\/script>\n<!-- \/ Yoast SEO Premium plugin. -->","yoast_head_json":{"title":"Prof. Dr. Murat Ali KARAVEL\u0130O\u011eLU, Kutadgu Bilig Okumalar\u0131 \u0130l Paneli - Prof. Dr. Murat Ali Karavelio\u011flu","robots":{"index":"index","follow":"follow","max-snippet":"max-snippet:-1","max-image-preview":"max-image-preview:large","max-video-preview":"max-video-preview:-1"},"canonical":"https:\/\/www.muratalikaravelioglu.com.tr\/en\/prof-dr-murat-ali-karavelioglu-kutadgu-bilig-okumalari-il-paneli\/","og_locale":"en_US","og_type":"article","og_title":"Prof. Dr. Murat Ali KARAVEL\u0130O\u011eLU, Kutadgu Bilig Okumalar\u0131 \u0130l Paneli","og_description":"I\u011fd\u0131r Mehmet Murat \u0130\u015fler Sosyal Bilimler Lisesi Mill\u00ee E\u011fitim Bakanl\u0131\u011f\u0131 Orta\u00f6\u011fretim Genel M\u00fcd\u00fcrl\u00fc\u011f\u00fc taraf\u0131ndan d\u00fczenlenen Oku-Yorum, Yaz\u0131yorum Projesi kapsam\u0131nda Kutadgu Bilig Okumalar\u0131 \u0130l Paneli okulumuzun konferans salonunda 29.02.2024 tarihinde d\u00fczenlenmi\u015ftir. &nbsp; Panele okulumuz \u00f6\u011frenci ve \u00f6\u011fretmenleri, I\u011fd\u0131r \u00dcniversitesi T\u00fcrk Dili ve Edebiyat\u0131 B\u00f6l\u00fcm\u00fc akademisyenlerinden Profes\u00f6r Doktor Murat Ali Karavelio\u011flu ve Do\u00e7ent Doktor Nesrin G\u00fcll\u00fcda\u011f kat\u0131l\u0131m [...]","og_url":"https:\/\/www.muratalikaravelioglu.com.tr\/en\/prof-dr-murat-ali-karavelioglu-kutadgu-bilig-okumalari-il-paneli\/","og_site_name":"Prof. Dr. Murat Ali Karavelio\u011flu","article_published_time":"2024-03-02T12:52:18+00:00","article_modified_time":"2025-09-01T11:47:36+00:00","og_image":[{"width":1185,"height":773,"url":"https:\/\/www.muratalikaravelioglu.com.tr\/wp-content\/uploads\/2024\/03\/Kutadgu-Bilig-Okumalar\u0131-Prof.Dr_.Murat-Ali-Karavelio\u011flu.jpg","type":"image\/jpeg"}],"author":"admin-secure","twitter_card":"summary_large_image","twitter_misc":{"Written by":"admin-secure","Est. reading time":"1 minute"},"schema":{"@context":"https:\/\/schema.org","@graph":[{"@type":"WebPage","@id":"https:\/\/www.muratalikaravelioglu.com.tr\/prof-dr-murat-ali-karavelioglu-kutadgu-bilig-okumalari-il-paneli\/","url":"https:\/\/www.muratalikaravelioglu.com.tr\/prof-dr-murat-ali-karavelioglu-kutadgu-bilig-okumalari-il-paneli\/","name":"Prof. Dr. Murat Ali KARAVEL\u0130O\u011eLU, Kutadgu Bilig Okumalar\u0131 \u0130l Paneli - Prof. Dr. Murat Ali Karavelio\u011flu","isPartOf":{"@id":"https:\/\/www.muratalikaravelioglu.com.tr\/#website"},"primaryImageOfPage":{"@id":"https:\/\/www.muratalikaravelioglu.com.tr\/prof-dr-murat-ali-karavelioglu-kutadgu-bilig-okumalari-il-paneli\/#primaryimage"},"image":{"@id":"https:\/\/www.muratalikaravelioglu.com.tr\/prof-dr-murat-ali-karavelioglu-kutadgu-bilig-okumalari-il-paneli\/#primaryimage"},"thumbnailUrl":"https:\/\/www.muratalikaravelioglu.com.tr\/wp-content\/uploads\/2024\/03\/Kutadgu-Bilig-Okumalar\u0131-Prof.Dr_.Murat-Ali-Karavelio\u011flu.jpg","datePublished":"2024-03-02T12:52:18+00:00","dateModified":"2025-09-01T11:47:36+00:00","author":{"@id":"https:\/\/www.muratalikaravelioglu.com.tr\/#\/schema\/person\/71220960d2943c9c9e8efdc905c9b433"},"breadcrumb":{"@id":"https:\/\/www.muratalikaravelioglu.com.tr\/prof-dr-murat-ali-karavelioglu-kutadgu-bilig-okumalari-il-paneli\/#breadcrumb"},"inLanguage":"en-US","potentialAction":[{"@type":"ReadAction","target":["https:\/\/www.muratalikaravelioglu.com.tr\/prof-dr-murat-ali-karavelioglu-kutadgu-bilig-okumalari-il-paneli\/"]}]},{"@type":"ImageObject","inLanguage":"en-US","@id":"https:\/\/www.muratalikaravelioglu.com.tr\/prof-dr-murat-ali-karavelioglu-kutadgu-bilig-okumalari-il-paneli\/#primaryimage","url":"https:\/\/www.muratalikaravelioglu.com.tr\/wp-content\/uploads\/2024\/03\/Kutadgu-Bilig-Okumalar\u0131-Prof.Dr_.Murat-Ali-Karavelio\u011flu.jpg","contentUrl":"https:\/\/www.muratalikaravelioglu.com.tr\/wp-content\/uploads\/2024\/03\/Kutadgu-Bilig-Okumalar\u0131-Prof.Dr_.Murat-Ali-Karavelio\u011flu.jpg","width":1185,"height":773},{"@type":"BreadcrumbList","@id":"https:\/\/www.muratalikaravelioglu.com.tr\/prof-dr-murat-ali-karavelioglu-kutadgu-bilig-okumalari-il-paneli\/#breadcrumb","itemListElement":[{"@type":"ListItem","position":1,"name":"Ana sayfa","item":"https:\/\/www.muratalikaravelioglu.com.tr\/"},{"@type":"ListItem","position":2,"name":"Prof. Dr. Murat Ali KARAVEL\u0130O\u011eLU, Kutadgu Bilig Okumalar\u0131 \u0130l Paneli"}]},{"@type":"WebSite","@id":"https:\/\/www.muratalikaravelioglu.com.tr\/#website","url":"https:\/\/www.muratalikaravelioglu.com.tr\/","name":"Professor Murat Ali Karavelio\u011flu","description":"","potentialAction":[{"@type":"SearchAction","target":{"@type":"EntryPoint","urlTemplate":"https:\/\/www.muratalikaravelioglu.com.tr\/?s={search_term_string}"},"query-input":{"@type":"PropertyValueSpecification","valueRequired":true,"valueName":"search_term_string"}}],"inLanguage":"en-US"},{"@type":"Person","@id":"https:\/\/www.muratalikaravelioglu.com.tr\/#\/schema\/person\/71220960d2943c9c9e8efdc905c9b433","name":"admin-secure","image":{"@type":"ImageObject","inLanguage":"en-US","@id":"https:\/\/www.muratalikaravelioglu.com.tr\/#\/schema\/person\/image\/","url":"https:\/\/secure.gravatar.com\/avatar\/a64dc2d754a5ff1943b32f01bbee579901c565c1f49a91fb943b5ca23386451d?s=96&d=mm&r=g","contentUrl":"https:\/\/secure.gravatar.com\/avatar\/a64dc2d754a5ff1943b32f01bbee579901c565c1f49a91fb943b5ca23386451d?s=96&d=mm&r=g","caption":"admin-secure"},"url":"https:\/\/www.muratalikaravelioglu.com.tr\/en\/author\/admin-secure\/"}]}},"_links":{"self":[{"href":"https:\/\/www.muratalikaravelioglu.com.tr\/en\/wp-json\/wp\/v2\/posts\/880","targetHints":{"allow":["GET"]}}],"collection":[{"href":"https:\/\/www.muratalikaravelioglu.com.tr\/en\/wp-json\/wp\/v2\/posts"}],"about":[{"href":"https:\/\/www.muratalikaravelioglu.com.tr\/en\/wp-json\/wp\/v2\/types\/post"}],"author":[{"embeddable":true,"href":"https:\/\/www.muratalikaravelioglu.com.tr\/en\/wp-json\/wp\/v2\/users\/1"}],"replies":[{"embeddable":true,"href":"https:\/\/www.muratalikaravelioglu.com.tr\/en\/wp-json\/wp\/v2\/comments?post=880"}],"version-history":[{"count":2,"href":"https:\/\/www.muratalikaravelioglu.com.tr\/en\/wp-json\/wp\/v2\/posts\/880\/revisions"}],"predecessor-version":[{"id":888,"href":"https:\/\/www.muratalikaravelioglu.com.tr\/en\/wp-json\/wp\/v2\/posts\/880\/revisions\/888"}],"wp:featuredmedia":[{"embeddable":true,"href":"https:\/\/www.muratalikaravelioglu.com.tr\/en\/wp-json\/wp\/v2\/media\/882"}],"wp:attachment":[{"href":"https:\/\/www.muratalikaravelioglu.com.tr\/en\/wp-json\/wp\/v2\/media?parent=880"}],"wp:term":[{"taxonomy":"category","embeddable":true,"href":"https:\/\/www.muratalikaravelioglu.com.tr\/en\/wp-json\/wp\/v2\/categories?post=880"},{"taxonomy":"post_tag","embeddable":true,"href":"https:\/\/www.muratalikaravelioglu.com.tr\/en\/wp-json\/wp\/v2\/tags?post=880"}],"curies":[{"name":"wp","href":"https:\/\/api.w.org\/{rel}","templated":true}]}}