{"id":776,"date":"2022-03-21T18:08:29","date_gmt":"2022-03-21T18:08:29","guid":{"rendered":"https:\/\/www.muratalikaravelioglu.com.tr\/?p=776"},"modified":"2025-09-01T11:53:32","modified_gmt":"2025-09-01T11:53:32","slug":"paydasi-oldugumuz-kongre-istanbulda-duzenlendi","status":"publish","type":"post","link":"https:\/\/www.muratalikaravelioglu.com.tr\/en\/paydasi-oldugumuz-kongre-istanbulda-duzenlendi\/","title":{"rendered":"The Congress We Participated In Was Held in Istanbul!"},"content":{"rendered":"<h4 class=\"product-title\"><strong>The Congress We Participated In Was Held in Istanbul!<\/strong><\/h4>\n<div class=\"short-description\">\n<p>The 4th International Language and Literature Congress, jointly organized by I\u011fd\u0131r University and Rimar Academy, was held in Istanbul.<\/p>\n<p><img loading=\"lazy\" decoding=\"async\" class=\"alignright size-medium wp-image-777\" src=\"https:\/\/www.muratalikaravelioglu.com.tr\/wp-content\/uploads\/2022\/03\/Prof-Dr-Murat-Ali-Karavelio\u011flu-300x200.jpeg\" alt=\"\" width=\"300\" height=\"200\" srcset=\"https:\/\/www.muratalikaravelioglu.com.tr\/wp-content\/uploads\/2022\/03\/Prof-Dr-Murat-Ali-Karavelio\u011flu-300x200.jpeg 300w, https:\/\/www.muratalikaravelioglu.com.tr\/wp-content\/uploads\/2022\/03\/Prof-Dr-Murat-Ali-Karavelio\u011flu-1024x682.jpeg 1024w, https:\/\/www.muratalikaravelioglu.com.tr\/wp-content\/uploads\/2022\/03\/Prof-Dr-Murat-Ali-Karavelio\u011flu-768x511.jpeg 768w, https:\/\/www.muratalikaravelioglu.com.tr\/wp-content\/uploads\/2022\/03\/Prof-Dr-Murat-Ali-Karavelio\u011flu.jpeg 1500w\" sizes=\"auto, (max-width: 300px) 100vw, 300px\" \/>The \u201c4th International Congress on Language and Literature,\u201d which brought together many scholars from different countries, was held in Istanbul. Representing our university as a stakeholder of the congress, Prof. Dr. Murat Ali Karavelio\u011flu, Chair of the Department of Turkish Language and Literature at the Faculty of Arts and Sciences, attended the opening ceremony.<\/p>\n<p>At the opening ceremony of the congress held at a hotel in Istanbul, Prof. Dr. Karavelio\u011flu delivered a speech on behalf of our Rector, Prof. Dr. Mehmet Hakk\u0131 Alma. Beginning his remarks by noting that the \u201cInternational Congress on Language and Literature\u201d was organized with the participation of scholars from nearly 20 countries, Prof. Dr. Karavelio\u011flu, Chair of the Department of Turkish Language and Literature, provided information about the academic and scientific activities of I\u011fd\u0131r University. He emphasized that scientific collaborations with Rimar Academy and similar institutions would continue and conveyed the message that they would always support academic events.<\/p>\n<p>The congress sessions, held both online and in person over the course of three days, concluded with the presentations of the invited speakers followed by a plaque presentation ceremony.<\/p>\n<\/div>","protected":false},"excerpt":{"rendered":"<p>The Congress We Co-Hosted Was Held in Istanbul! The \u20184th International Language and Literature Congress\u2019, jointly organized by I\u011fd\u0131r University and Rimar Academy, was held in Istanbul. The \u20184th International Language and Literature Congress\u2019, attended by many scientists from different countries, was held in Istanbul. The opening ceremony of the congress, which we were a partner of, was attended by Prof. Dr. [...], Head of the Department of Turkish Language and Literature at the Faculty of Arts and Sciences, representing our university.","protected":false},"author":1,"featured_media":777,"comment_status":"closed","ping_status":"open","sticky":false,"template":"","format":"standard","meta":{"ngg_post_thumbnail":0,"footnotes":""},"categories":[1],"tags":[33,27],"class_list":["post-776","post","type-post","status-publish","format-standard","has-post-thumbnail","hentry","category-video","tag-igdir-universitesi","tag-prof-dr-murat-ali-karavelioglu"],"yoast_head":"<!-- This site is optimized with the Yoast SEO Premium plugin v25.7.1 (Yoast SEO v26.1.1) - https:\/\/yoast.com\/wordpress\/plugins\/seo\/ -->\n<title>Payda\u015f\u0131 Oldu\u011fumuz Kongre \u0130stanbul\u2019da D\u00fczenlendi! - Prof. Dr. Murat Ali Karavelio\u011flu<\/title>\n<meta name=\"robots\" content=\"index, follow, max-snippet:-1, max-image-preview:large, max-video-preview:-1\" \/>\n<link rel=\"canonical\" href=\"https:\/\/www.muratalikaravelioglu.com.tr\/en\/paydasi-oldugumuz-kongre-istanbulda-duzenlendi\/\" \/>\n<meta property=\"og:locale\" content=\"en_US\" \/>\n<meta property=\"og:type\" content=\"article\" \/>\n<meta property=\"og:title\" content=\"Payda\u015f\u0131 Oldu\u011fumuz Kongre \u0130stanbul\u2019da D\u00fczenlendi!\" \/>\n<meta property=\"og:description\" content=\"Payda\u015f\u0131 Oldu\u011fumuz Kongre \u0130stanbul\u2019da D\u00fczenlendi! I\u011fd\u0131r \u00dcniversitesi ile Rimar Academy\u2019nin ortakla\u015fa d\u00fczenledi\u011fi \u20184. Uluslararas\u0131 Dil ve Edebiyat Kongresi\u2019 \u0130stanbul\u2019da ger\u00e7ekle\u015ftirildi. Farkl\u0131 \u00fclkelerden bir\u00e7ok bilim insan\u0131n\u0131n yer ald\u0131\u011f\u0131 \u20184. Uluslararas\u0131 Dil ve Edebiyat Kongresi\u2019 \u0130stanbul\u2019da yap\u0131ld\u0131. S\u00f6z konusu payda\u015f\u0131 oldu\u011fumuz kongrenin a\u00e7\u0131l\u0131\u015f t\u00f6renine \u00dcniversitemizi temsilen Fen Edebiyat Fak\u00fcltesi T\u00fcrk Dili ve Edebiyat\u0131 B\u00f6l\u00fcm\u00fc Ba\u015fkan\u0131 Prof. Dr. [...]\" \/>\n<meta property=\"og:url\" content=\"https:\/\/www.muratalikaravelioglu.com.tr\/en\/paydasi-oldugumuz-kongre-istanbulda-duzenlendi\/\" \/>\n<meta property=\"og:site_name\" content=\"Prof. Dr. Murat Ali Karavelio\u011flu\" \/>\n<meta property=\"article:published_time\" content=\"2022-03-21T18:08:29+00:00\" \/>\n<meta property=\"article:modified_time\" content=\"2025-09-01T11:53:32+00:00\" \/>\n<meta property=\"og:image\" content=\"https:\/\/www.muratalikaravelioglu.com.tr\/wp-content\/uploads\/2022\/03\/Prof-Dr-Murat-Ali-Karavelio\u011flu.jpeg\" \/>\n\t<meta property=\"og:image:width\" content=\"1500\" \/>\n\t<meta property=\"og:image:height\" content=\"999\" \/>\n\t<meta property=\"og:image:type\" content=\"image\/jpeg\" \/>\n<meta name=\"author\" content=\"admin-secure\" \/>\n<meta name=\"twitter:card\" content=\"summary_large_image\" \/>\n<meta name=\"twitter:label1\" content=\"Written by\" \/>\n\t<meta name=\"twitter:data1\" content=\"admin-secure\" \/>\n\t<meta name=\"twitter:label2\" content=\"Est. reading time\" \/>\n\t<meta name=\"twitter:data2\" content=\"1 minute\" \/>\n<script type=\"application\/ld+json\" class=\"yoast-schema-graph\">{\"@context\":\"https:\/\/schema.org\",\"@graph\":[{\"@type\":\"WebPage\",\"@id\":\"https:\/\/www.muratalikaravelioglu.com.tr\/paydasi-oldugumuz-kongre-istanbulda-duzenlendi\/\",\"url\":\"https:\/\/www.muratalikaravelioglu.com.tr\/paydasi-oldugumuz-kongre-istanbulda-duzenlendi\/\",\"name\":\"Payda\u015f\u0131 Oldu\u011fumuz Kongre \u0130stanbul\u2019da D\u00fczenlendi! - Prof. Dr. Murat Ali Karavelio\u011flu\",\"isPartOf\":{\"@id\":\"https:\/\/www.muratalikaravelioglu.com.tr\/#website\"},\"primaryImageOfPage\":{\"@id\":\"https:\/\/www.muratalikaravelioglu.com.tr\/paydasi-oldugumuz-kongre-istanbulda-duzenlendi\/#primaryimage\"},\"image\":{\"@id\":\"https:\/\/www.muratalikaravelioglu.com.tr\/paydasi-oldugumuz-kongre-istanbulda-duzenlendi\/#primaryimage\"},\"thumbnailUrl\":\"https:\/\/www.muratalikaravelioglu.com.tr\/wp-content\/uploads\/2022\/03\/Prof-Dr-Murat-Ali-Karavelio\u011flu.jpeg\",\"datePublished\":\"2022-03-21T18:08:29+00:00\",\"dateModified\":\"2025-09-01T11:53:32+00:00\",\"author\":{\"@id\":\"https:\/\/www.muratalikaravelioglu.com.tr\/#\/schema\/person\/71220960d2943c9c9e8efdc905c9b433\"},\"breadcrumb\":{\"@id\":\"https:\/\/www.muratalikaravelioglu.com.tr\/paydasi-oldugumuz-kongre-istanbulda-duzenlendi\/#breadcrumb\"},\"inLanguage\":\"en-US\",\"potentialAction\":[{\"@type\":\"ReadAction\",\"target\":[\"https:\/\/www.muratalikaravelioglu.com.tr\/paydasi-oldugumuz-kongre-istanbulda-duzenlendi\/\"]}]},{\"@type\":\"ImageObject\",\"inLanguage\":\"en-US\",\"@id\":\"https:\/\/www.muratalikaravelioglu.com.tr\/paydasi-oldugumuz-kongre-istanbulda-duzenlendi\/#primaryimage\",\"url\":\"https:\/\/www.muratalikaravelioglu.com.tr\/wp-content\/uploads\/2022\/03\/Prof-Dr-Murat-Ali-Karavelio\u011flu.jpeg\",\"contentUrl\":\"https:\/\/www.muratalikaravelioglu.com.tr\/wp-content\/uploads\/2022\/03\/Prof-Dr-Murat-Ali-Karavelio\u011flu.jpeg\",\"width\":1500,\"height\":999},{\"@type\":\"BreadcrumbList\",\"@id\":\"https:\/\/www.muratalikaravelioglu.com.tr\/paydasi-oldugumuz-kongre-istanbulda-duzenlendi\/#breadcrumb\",\"itemListElement\":[{\"@type\":\"ListItem\",\"position\":1,\"name\":\"Ana sayfa\",\"item\":\"https:\/\/www.muratalikaravelioglu.com.tr\/\"},{\"@type\":\"ListItem\",\"position\":2,\"name\":\"Payda\u015f\u0131 Oldu\u011fumuz Kongre \u0130stanbul\u2019da D\u00fczenlendi!\"}]},{\"@type\":\"WebSite\",\"@id\":\"https:\/\/www.muratalikaravelioglu.com.tr\/#website\",\"url\":\"https:\/\/www.muratalikaravelioglu.com.tr\/\",\"name\":\"Prof. Dr. Murat Ali Karavelio\u011flu\",\"description\":\"\",\"potentialAction\":[{\"@type\":\"SearchAction\",\"target\":{\"@type\":\"EntryPoint\",\"urlTemplate\":\"https:\/\/www.muratalikaravelioglu.com.tr\/?s={search_term_string}\"},\"query-input\":{\"@type\":\"PropertyValueSpecification\",\"valueRequired\":true,\"valueName\":\"search_term_string\"}}],\"inLanguage\":\"en-US\"},{\"@type\":\"Person\",\"@id\":\"https:\/\/www.muratalikaravelioglu.com.tr\/#\/schema\/person\/71220960d2943c9c9e8efdc905c9b433\",\"name\":\"admin-secure\",\"image\":{\"@type\":\"ImageObject\",\"inLanguage\":\"en-US\",\"@id\":\"https:\/\/www.muratalikaravelioglu.com.tr\/#\/schema\/person\/image\/\",\"url\":\"https:\/\/secure.gravatar.com\/avatar\/a64dc2d754a5ff1943b32f01bbee579901c565c1f49a91fb943b5ca23386451d?s=96&d=mm&r=g\",\"contentUrl\":\"https:\/\/secure.gravatar.com\/avatar\/a64dc2d754a5ff1943b32f01bbee579901c565c1f49a91fb943b5ca23386451d?s=96&d=mm&r=g\",\"caption\":\"admin-secure\"},\"url\":\"https:\/\/www.muratalikaravelioglu.com.tr\/en\/author\/admin-secure\/\"}]}<\/script>\n<!-- \/ Yoast SEO Premium plugin. -->","yoast_head_json":{"title":"Payda\u015f\u0131 Oldu\u011fumuz Kongre \u0130stanbul\u2019da D\u00fczenlendi! - Prof. Dr. Murat Ali Karavelio\u011flu","robots":{"index":"index","follow":"follow","max-snippet":"max-snippet:-1","max-image-preview":"max-image-preview:large","max-video-preview":"max-video-preview:-1"},"canonical":"https:\/\/www.muratalikaravelioglu.com.tr\/en\/paydasi-oldugumuz-kongre-istanbulda-duzenlendi\/","og_locale":"en_US","og_type":"article","og_title":"Payda\u015f\u0131 Oldu\u011fumuz Kongre \u0130stanbul\u2019da D\u00fczenlendi!","og_description":"Payda\u015f\u0131 Oldu\u011fumuz Kongre \u0130stanbul\u2019da D\u00fczenlendi! I\u011fd\u0131r \u00dcniversitesi ile Rimar Academy\u2019nin ortakla\u015fa d\u00fczenledi\u011fi \u20184. Uluslararas\u0131 Dil ve Edebiyat Kongresi\u2019 \u0130stanbul\u2019da ger\u00e7ekle\u015ftirildi. Farkl\u0131 \u00fclkelerden bir\u00e7ok bilim insan\u0131n\u0131n yer ald\u0131\u011f\u0131 \u20184. Uluslararas\u0131 Dil ve Edebiyat Kongresi\u2019 \u0130stanbul\u2019da yap\u0131ld\u0131. S\u00f6z konusu payda\u015f\u0131 oldu\u011fumuz kongrenin a\u00e7\u0131l\u0131\u015f t\u00f6renine \u00dcniversitemizi temsilen Fen Edebiyat Fak\u00fcltesi T\u00fcrk Dili ve Edebiyat\u0131 B\u00f6l\u00fcm\u00fc Ba\u015fkan\u0131 Prof. Dr. [...]","og_url":"https:\/\/www.muratalikaravelioglu.com.tr\/en\/paydasi-oldugumuz-kongre-istanbulda-duzenlendi\/","og_site_name":"Prof. Dr. Murat Ali Karavelio\u011flu","article_published_time":"2022-03-21T18:08:29+00:00","article_modified_time":"2025-09-01T11:53:32+00:00","og_image":[{"width":1500,"height":999,"url":"https:\/\/www.muratalikaravelioglu.com.tr\/wp-content\/uploads\/2022\/03\/Prof-Dr-Murat-Ali-Karavelio\u011flu.jpeg","type":"image\/jpeg"}],"author":"admin-secure","twitter_card":"summary_large_image","twitter_misc":{"Written by":"admin-secure","Est. reading time":"1 minute"},"schema":{"@context":"https:\/\/schema.org","@graph":[{"@type":"WebPage","@id":"https:\/\/www.muratalikaravelioglu.com.tr\/paydasi-oldugumuz-kongre-istanbulda-duzenlendi\/","url":"https:\/\/www.muratalikaravelioglu.com.tr\/paydasi-oldugumuz-kongre-istanbulda-duzenlendi\/","name":"Payda\u015f\u0131 Oldu\u011fumuz Kongre \u0130stanbul\u2019da D\u00fczenlendi! - Prof. Dr. Murat Ali Karavelio\u011flu","isPartOf":{"@id":"https:\/\/www.muratalikaravelioglu.com.tr\/#website"},"primaryImageOfPage":{"@id":"https:\/\/www.muratalikaravelioglu.com.tr\/paydasi-oldugumuz-kongre-istanbulda-duzenlendi\/#primaryimage"},"image":{"@id":"https:\/\/www.muratalikaravelioglu.com.tr\/paydasi-oldugumuz-kongre-istanbulda-duzenlendi\/#primaryimage"},"thumbnailUrl":"https:\/\/www.muratalikaravelioglu.com.tr\/wp-content\/uploads\/2022\/03\/Prof-Dr-Murat-Ali-Karavelio\u011flu.jpeg","datePublished":"2022-03-21T18:08:29+00:00","dateModified":"2025-09-01T11:53:32+00:00","author":{"@id":"https:\/\/www.muratalikaravelioglu.com.tr\/#\/schema\/person\/71220960d2943c9c9e8efdc905c9b433"},"breadcrumb":{"@id":"https:\/\/www.muratalikaravelioglu.com.tr\/paydasi-oldugumuz-kongre-istanbulda-duzenlendi\/#breadcrumb"},"inLanguage":"en-US","potentialAction":[{"@type":"ReadAction","target":["https:\/\/www.muratalikaravelioglu.com.tr\/paydasi-oldugumuz-kongre-istanbulda-duzenlendi\/"]}]},{"@type":"ImageObject","inLanguage":"en-US","@id":"https:\/\/www.muratalikaravelioglu.com.tr\/paydasi-oldugumuz-kongre-istanbulda-duzenlendi\/#primaryimage","url":"https:\/\/www.muratalikaravelioglu.com.tr\/wp-content\/uploads\/2022\/03\/Prof-Dr-Murat-Ali-Karavelio\u011flu.jpeg","contentUrl":"https:\/\/www.muratalikaravelioglu.com.tr\/wp-content\/uploads\/2022\/03\/Prof-Dr-Murat-Ali-Karavelio\u011flu.jpeg","width":1500,"height":999},{"@type":"BreadcrumbList","@id":"https:\/\/www.muratalikaravelioglu.com.tr\/paydasi-oldugumuz-kongre-istanbulda-duzenlendi\/#breadcrumb","itemListElement":[{"@type":"ListItem","position":1,"name":"Ana sayfa","item":"https:\/\/www.muratalikaravelioglu.com.tr\/"},{"@type":"ListItem","position":2,"name":"Payda\u015f\u0131 Oldu\u011fumuz Kongre \u0130stanbul\u2019da D\u00fczenlendi!"}]},{"@type":"WebSite","@id":"https:\/\/www.muratalikaravelioglu.com.tr\/#website","url":"https:\/\/www.muratalikaravelioglu.com.tr\/","name":"Professor Murat Ali Karavelio\u011flu","description":"","potentialAction":[{"@type":"SearchAction","target":{"@type":"EntryPoint","urlTemplate":"https:\/\/www.muratalikaravelioglu.com.tr\/?s={search_term_string}"},"query-input":{"@type":"PropertyValueSpecification","valueRequired":true,"valueName":"search_term_string"}}],"inLanguage":"en-US"},{"@type":"Person","@id":"https:\/\/www.muratalikaravelioglu.com.tr\/#\/schema\/person\/71220960d2943c9c9e8efdc905c9b433","name":"admin-secure","image":{"@type":"ImageObject","inLanguage":"en-US","@id":"https:\/\/www.muratalikaravelioglu.com.tr\/#\/schema\/person\/image\/","url":"https:\/\/secure.gravatar.com\/avatar\/a64dc2d754a5ff1943b32f01bbee579901c565c1f49a91fb943b5ca23386451d?s=96&d=mm&r=g","contentUrl":"https:\/\/secure.gravatar.com\/avatar\/a64dc2d754a5ff1943b32f01bbee579901c565c1f49a91fb943b5ca23386451d?s=96&d=mm&r=g","caption":"admin-secure"},"url":"https:\/\/www.muratalikaravelioglu.com.tr\/en\/author\/admin-secure\/"}]}},"_links":{"self":[{"href":"https:\/\/www.muratalikaravelioglu.com.tr\/en\/wp-json\/wp\/v2\/posts\/776","targetHints":{"allow":["GET"]}}],"collection":[{"href":"https:\/\/www.muratalikaravelioglu.com.tr\/en\/wp-json\/wp\/v2\/posts"}],"about":[{"href":"https:\/\/www.muratalikaravelioglu.com.tr\/en\/wp-json\/wp\/v2\/types\/post"}],"author":[{"embeddable":true,"href":"https:\/\/www.muratalikaravelioglu.com.tr\/en\/wp-json\/wp\/v2\/users\/1"}],"replies":[{"embeddable":true,"href":"https:\/\/www.muratalikaravelioglu.com.tr\/en\/wp-json\/wp\/v2\/comments?post=776"}],"version-history":[{"count":1,"href":"https:\/\/www.muratalikaravelioglu.com.tr\/en\/wp-json\/wp\/v2\/posts\/776\/revisions"}],"predecessor-version":[{"id":778,"href":"https:\/\/www.muratalikaravelioglu.com.tr\/en\/wp-json\/wp\/v2\/posts\/776\/revisions\/778"}],"wp:featuredmedia":[{"embeddable":true,"href":"https:\/\/www.muratalikaravelioglu.com.tr\/en\/wp-json\/wp\/v2\/media\/777"}],"wp:attachment":[{"href":"https:\/\/www.muratalikaravelioglu.com.tr\/en\/wp-json\/wp\/v2\/media?parent=776"}],"wp:term":[{"taxonomy":"category","embeddable":true,"href":"https:\/\/www.muratalikaravelioglu.com.tr\/en\/wp-json\/wp\/v2\/categories?post=776"},{"taxonomy":"post_tag","embeddable":true,"href":"https:\/\/www.muratalikaravelioglu.com.tr\/en\/wp-json\/wp\/v2\/tags?post=776"}],"curies":[{"name":"wp","href":"https:\/\/api.w.org\/{rel}","templated":true}]}}