{"id":776,"date":"2022-03-21T18:08:29","date_gmt":"2022-03-21T18:08:29","guid":{"rendered":"https:\/\/www.muratalikaravelioglu.com.tr\/?p=776"},"modified":"2025-09-01T11:53:32","modified_gmt":"2025-09-01T11:53:32","slug":"paydasi-oldugumuz-kongre-istanbulda-duzenlendi","status":"publish","type":"post","link":"https:\/\/www.muratalikaravelioglu.com.tr\/ar\/paydasi-oldugumuz-kongre-istanbulda-duzenlendi\/","title":{"rendered":"\u062a\u0645 \u062a\u0646\u0638\u064a\u0645 \u0627\u0644\u0645\u0624\u062a\u0645\u0631 \u0627\u0644\u0630\u064a \u0646\u062d\u0646 \u0634\u0631\u0643\u0627\u0624\u0647 \u0641\u064a \u0625\u0633\u0637\u0646\u0628\u0648\u0644!"},"content":{"rendered":"<h4 class=\"product-title\"><strong>\u062a\u0645 \u062a\u0646\u0638\u064a\u0645 \u0627\u0644\u0645\u0624\u062a\u0645\u0631 \u0627\u0644\u0630\u064a \u0646\u062d\u0646 \u0634\u0631\u0643\u0627\u0624\u0647 \u0641\u064a \u0625\u0633\u0637\u0646\u0628\u0648\u0644!<\/strong><\/h4>\n<div class=\"short-description\">\n<p>\u0627\u0646\u0639\u0642\u062f \u0641\u064a \u0625\u0633\u0637\u0646\u0628\u0648\u0644 \u0627\u0644\u0645\u0624\u062a\u0645\u0631 \u0627\u0644\u062f\u0648\u0644\u064a \u0627\u0644\u0631\u0627\u0628\u0639 \u0644\u0644\u063a\u0629 \u0648\u0627\u0644\u0623\u062f\u0628\u060c \u0627\u0644\u0630\u064a \u0646\u0638\u0645\u062a\u0647 \u062c\u0627\u0645\u0639\u0629 \u0625\u063a\u062f\u064a\u0631 \u0648\u0623\u0643\u0627\u062f\u064a\u0645\u064a\u0629 \u0631\u064a\u0645\u0627\u0631 \u0628\u0634\u0643\u0644 \u0645\u0634\u062a\u0631\u0643.<\/p>\n<p><img loading=\"lazy\" decoding=\"async\" class=\"alignright size-medium wp-image-777\" src=\"https:\/\/www.muratalikaravelioglu.com.tr\/wp-content\/uploads\/2022\/03\/Prof-Dr-Murat-Ali-Karavelio\u011flu-300x200.jpeg\" alt=\"\" width=\"300\" height=\"200\" srcset=\"https:\/\/www.muratalikaravelioglu.com.tr\/wp-content\/uploads\/2022\/03\/Prof-Dr-Murat-Ali-Karavelio\u011flu-300x200.jpeg 300w, https:\/\/www.muratalikaravelioglu.com.tr\/wp-content\/uploads\/2022\/03\/Prof-Dr-Murat-Ali-Karavelio\u011flu-1024x682.jpeg 1024w, https:\/\/www.muratalikaravelioglu.com.tr\/wp-content\/uploads\/2022\/03\/Prof-Dr-Murat-Ali-Karavelio\u011flu-768x511.jpeg 768w, https:\/\/www.muratalikaravelioglu.com.tr\/wp-content\/uploads\/2022\/03\/Prof-Dr-Murat-Ali-Karavelio\u011flu.jpeg 1500w\" sizes=\"auto, (max-width: 300px) 100vw, 300px\" \/>\u0627\u0646\u0639\u0642\u062f \u0627\u0644\u0645\u0624\u062a\u0645\u0631 \u0627\u0644\u062f\u0648\u0644\u064a \u0627\u0644\u0631\u0627\u0628\u0639 \u0644\u0644\u063a\u0629 \u0648\u0627\u0644\u0623\u062f\u0628 \u0641\u064a \u0625\u0633\u0637\u0646\u0628\u0648\u0644\u060c \u0628\u062d\u0636\u0648\u0631 \u0646\u062e\u0628\u0629 \u0645\u0646 \u0627\u0644\u0628\u0627\u062d\u062b\u064a\u0646 \u0645\u0646 \u0645\u062e\u062a\u0644\u0641 \u0627\u0644\u0628\u0644\u062f\u0627\u0646. \u200b\u200b\u0648\u0645\u062b\u0651\u0644 \u062c\u0627\u0645\u0639\u062a\u0646\u0627 \u0641\u064a \u062d\u0641\u0644 \u0627\u0644\u0627\u0641\u062a\u062a\u0627\u062d \u0627\u0644\u0623\u0633\u062a\u0627\u0630 \u0627\u0644\u062f\u0643\u062a\u0648\u0631 \u0645\u0631\u0627\u062f \u0639\u0644\u064a \u0643\u0627\u0631\u0627\u0641\u064a\u0644\u064a \u0623\u0648\u063a\u0644\u0648\u060c \u0631\u0626\u064a\u0633 \u0642\u0633\u0645 \u0627\u0644\u0644\u063a\u0629 \u0648\u0627\u0644\u0623\u062f\u0628 \u0627\u0644\u062a\u0631\u0643\u064a \u0641\u064a \u0643\u0644\u064a\u0629 \u0627\u0644\u0622\u062f\u0627\u0628 \u0648\u0627\u0644\u0639\u0644\u0648\u0645.<\/p>\n<p>\u0641\u064a \u062d\u0641\u0644 \u0627\u0641\u062a\u062a\u0627\u062d \u0627\u0644\u0645\u0624\u062a\u0645\u0631\u060c \u0627\u0644\u0630\u064a \u0623\u064f\u0642\u064a\u0645 \u0641\u064a \u0623\u062d\u062f \u0641\u0646\u0627\u062f\u0642 \u0625\u0633\u0637\u0646\u0628\u0648\u0644\u060c \u0623\u0644\u0642\u0649 \u0627\u0644\u0623\u0633\u062a\u0627\u0630 \u0627\u0644\u062f\u0643\u062a\u0648\u0631 \u0643\u0627\u0631\u0627\u0641\u064a\u0644\u064a \u0623\u0648\u063a\u0644\u0648 \u0643\u0644\u0645\u0629\u064b \u0646\u064a\u0627\u0628\u0629\u064b \u0639\u0646 \u0631\u0626\u064a\u0633 \u062c\u0627\u0645\u0639\u062a\u0646\u0627\u060c \u0627\u0644\u0623\u0633\u062a\u0627\u0630 \u0627\u0644\u062f\u0643\u062a\u0648\u0631 \u0645\u062d\u0645\u062f \u062d\u0642\u064a \u0623\u0644\u0645\u0627. \u0627\u0633\u062a\u0647\u0644 \u0627\u0644\u0623\u0633\u062a\u0627\u0630 \u0627\u0644\u062f\u0643\u062a\u0648\u0631 \u0645\u0631\u0627\u062f \u0639\u0644\u064a \u0643\u0627\u0631\u0627\u0641\u064a\u0644\u064a \u0623\u0648\u063a\u0644\u0648\u060c \u0631\u0626\u064a\u0633 \u0642\u0633\u0645 \u0627\u0644\u0644\u063a\u0629 \u0648\u0627\u0644\u0623\u062f\u0628 \u0627\u0644\u062a\u0631\u0643\u064a\u060c \u0643\u0644\u0645\u062a\u0647 \u0628\u0627\u0644\u0625\u0634\u0627\u0631\u0629 \u0625\u0644\u0649 \u0623\u0646 \"\u0627\u0644\u0645\u0624\u062a\u0645\u0631 \u0627\u0644\u062f\u0648\u0644\u064a \u0644\u0644\u063a\u0629 \u0648\u0627\u0644\u0623\u062f\u0628\" \u0646\u064f\u0638\u0645 \u0628\u0645\u0634\u0627\u0631\u0643\u0629 \u0639\u0644\u0645\u0627\u0621 \u0645\u0646 \u062d\u0648\u0627\u0644\u064a 20 \u062f\u0648\u0644\u0629\u060c \u062b\u0645 \u0642\u062f\u0651\u0645 \u0645\u0639\u0644\u0648\u0645\u0627\u062a\u064d \u0639\u0646 \u0627\u0644\u0623\u0646\u0634\u0637\u0629 \u0627\u0644\u0623\u0643\u0627\u062f\u064a\u0645\u064a\u0629 \u0648\u0627\u0644\u0639\u0644\u0645\u064a\u0629 \u0644\u062c\u0627\u0645\u0639\u0629 \u0625\u063a\u062f\u064a\u0631. \u0648\u0623\u0643\u062f \u0627\u0644\u0623\u0633\u062a\u0627\u0630 \u0627\u0644\u062f\u0643\u062a\u0648\u0631 \u0643\u0627\u0631\u0627\u0641\u064a\u0644\u064a \u0623\u0648\u063a\u0644\u0648 \u0627\u0633\u062a\u0645\u0631\u0627\u0631 \u0627\u0644\u0634\u0631\u0627\u0643\u0627\u062a \u0627\u0644\u0639\u0644\u0645\u064a\u0629 \u0645\u0639 \u0623\u0643\u0627\u062f\u064a\u0645\u064a\u0629 \u0631\u064a\u0645\u0627\u0631 \u0648\u0627\u0644\u0647\u064a\u0626\u0627\u062a \u0627\u0644\u0645\u0645\u0627\u062b\u0644\u0629\u060c \u0645\u0624\u0643\u062f\u064b\u0627 \u062f\u0639\u0645\u0647\u0627 \u0627\u0644\u0645\u0633\u062a\u0645\u0631 \u0644\u0644\u0623\u0646\u0634\u0637\u0629 \u0627\u0644\u0623\u0643\u0627\u062f\u064a\u0645\u064a\u0629.<\/p>\n<p>\u0648\u0627\u062e\u062a\u062a\u0645\u062a \u062c\u0644\u0633\u0627\u062a \u0627\u0644\u0645\u0624\u062a\u0645\u0631\u060c \u0627\u0644\u062a\u064a \u0627\u0633\u062a\u0645\u0631\u062a \u0644\u0645\u062f\u0629 \u062b\u0644\u0627\u062b\u0629 \u0623\u064a\u0627\u0645 \u0639\u0628\u0631 \u0627\u0644\u0625\u0646\u062a\u0631\u0646\u062a \u0648\u0648\u062c\u0647\u0627\u064b \u0644\u0648\u062c\u0647\u060c \u0628\u062a\u0642\u062f\u064a\u0645 \u0627\u0644\u0644\u0648\u062d\u0627\u062a \u0627\u0644\u062a\u0630\u0643\u0627\u0631\u064a\u0629 \u0628\u0639\u062f \u0639\u0631\u0648\u0636 \u0627\u0644\u0645\u062a\u062d\u062f\u062b\u064a\u0646 \u0627\u0644\u0645\u062f\u0639\u0648\u064a\u0646.<\/p>\n<\/div>","protected":false},"excerpt":{"rendered":"<p>\u062a\u0645 \u062a\u0646\u0638\u064a\u0645 \u0627\u0644\u0645\u0624\u062a\u0645\u0631 \u0627\u0644\u0630\u064a \u0646\u0634\u0627\u0631\u0643 \u0641\u064a\u0647 \u0643\u0634\u0631\u0643\u0627\u0621 \u0641\u064a \u0625\u0633\u0637\u0646\u0628\u0648\u0644! \u0648\u0642\u062f \u0646\u064f\u0638\u0645 \"\u0627\u0644\u0645\u0624\u062a\u0645\u0631 \u0627\u0644\u062f\u0648\u0644\u064a \u0627\u0644\u0631\u0627\u0628\u0639 \u0644\u0644\u063a\u0629 \u0648\u0627\u0644\u0623\u062f\u0628\" \u0628\u0634\u0643\u0644 \u0645\u0634\u062a\u0631\u0643 \u0628\u064a\u0646 \u062c\u0627\u0645\u0639\u0629 \u0625\u064a\u063a\u0631 \u0648Rimar Academy \u0641\u064a \u0625\u0633\u0637\u0646\u0628\u0648\u0644. \u0648\u0634\u0627\u0631\u0643 \u0641\u064a \u0627\u0644\u0645\u0624\u062a\u0645\u0631 \u0627\u0644\u0639\u062f\u064a\u062f \u0645\u0646 \u0627\u0644\u0639\u0644\u0645\u0627\u0621 \u0645\u0646 \u0645\u062e\u062a\u0644\u0641 \u0627\u0644\u062f\u0648\u0644. \u0648\u0642\u062f \u0623\u0642\u064a\u0645 \u062d\u0641\u0644 \u0627\u0641\u062a\u062a\u0627\u062d \u0647\u0630\u0627 \u0627\u0644\u0645\u0624\u062a\u0645\u0631 \u0627\u0644\u0630\u064a \u0646\u0634\u0627\u0631\u0643 \u0641\u064a\u0647 \u0643\u0634\u0631\u0643\u0627\u0621\u060c \u0645\u0645\u062b\u0644\u064b\u0627 \u0639\u0646 \u062c\u0627\u0645\u0639\u062a\u0646\u0627\u060c \u0631\u0626\u064a\u0633 \u0642\u0633\u0645 \u0627\u0644\u0644\u063a\u0629 \u0627\u0644\u062a\u0631\u0643\u064a\u0629 \u0648\u0622\u062f\u0627\u0628\u0647\u0627 \u0628\u0643\u0644\u064a\u0629 \u0627\u0644\u0639\u0644\u0648\u0645 \u0648\u0627\u0644\u0622\u062f\u0627\u0628 \u0627\u0644\u0623\u0633\u062a\u0627\u0630 \u0627\u0644\u062f\u0643\u062a\u0648\u0631 [...]","protected":false},"author":1,"featured_media":777,"comment_status":"closed","ping_status":"open","sticky":false,"template":"","format":"standard","meta":{"ngg_post_thumbnail":0,"footnotes":""},"categories":[1],"tags":[33,27],"class_list":["post-776","post","type-post","status-publish","format-standard","has-post-thumbnail","hentry","category-video","tag-igdir-universitesi","tag-prof-dr-murat-ali-karavelioglu"],"yoast_head":"<!-- This site is optimized with the Yoast SEO Premium plugin v25.7.1 (Yoast SEO v26.1.1) - https:\/\/yoast.com\/wordpress\/plugins\/seo\/ -->\n<title>Payda\u015f\u0131 Oldu\u011fumuz Kongre \u0130stanbul\u2019da D\u00fczenlendi! - Prof. Dr. Murat Ali Karavelio\u011flu<\/title>\n<meta name=\"robots\" content=\"index, follow, max-snippet:-1, max-image-preview:large, max-video-preview:-1\" \/>\n<link rel=\"canonical\" href=\"https:\/\/www.muratalikaravelioglu.com.tr\/ar\/paydasi-oldugumuz-kongre-istanbulda-duzenlendi\/\" \/>\n<meta property=\"og:locale\" content=\"ar_AR\" \/>\n<meta property=\"og:type\" content=\"article\" \/>\n<meta property=\"og:title\" content=\"Payda\u015f\u0131 Oldu\u011fumuz Kongre \u0130stanbul\u2019da D\u00fczenlendi!\" \/>\n<meta property=\"og:description\" content=\"Payda\u015f\u0131 Oldu\u011fumuz Kongre \u0130stanbul\u2019da D\u00fczenlendi! I\u011fd\u0131r \u00dcniversitesi ile Rimar Academy\u2019nin ortakla\u015fa d\u00fczenledi\u011fi \u20184. Uluslararas\u0131 Dil ve Edebiyat Kongresi\u2019 \u0130stanbul\u2019da ger\u00e7ekle\u015ftirildi. Farkl\u0131 \u00fclkelerden bir\u00e7ok bilim insan\u0131n\u0131n yer ald\u0131\u011f\u0131 \u20184. Uluslararas\u0131 Dil ve Edebiyat Kongresi\u2019 \u0130stanbul\u2019da yap\u0131ld\u0131. S\u00f6z konusu payda\u015f\u0131 oldu\u011fumuz kongrenin a\u00e7\u0131l\u0131\u015f t\u00f6renine \u00dcniversitemizi temsilen Fen Edebiyat Fak\u00fcltesi T\u00fcrk Dili ve Edebiyat\u0131 B\u00f6l\u00fcm\u00fc Ba\u015fkan\u0131 Prof. Dr. [...]\" \/>\n<meta property=\"og:url\" content=\"https:\/\/www.muratalikaravelioglu.com.tr\/ar\/paydasi-oldugumuz-kongre-istanbulda-duzenlendi\/\" \/>\n<meta property=\"og:site_name\" content=\"Prof. Dr. Murat Ali Karavelio\u011flu\" \/>\n<meta property=\"article:published_time\" content=\"2022-03-21T18:08:29+00:00\" \/>\n<meta property=\"article:modified_time\" content=\"2025-09-01T11:53:32+00:00\" \/>\n<meta property=\"og:image\" content=\"https:\/\/www.muratalikaravelioglu.com.tr\/wp-content\/uploads\/2022\/03\/Prof-Dr-Murat-Ali-Karavelio\u011flu.jpeg\" \/>\n\t<meta property=\"og:image:width\" content=\"1500\" \/>\n\t<meta property=\"og:image:height\" content=\"999\" \/>\n\t<meta property=\"og:image:type\" content=\"image\/jpeg\" \/>\n<meta name=\"author\" content=\"admin-secure\" \/>\n<meta name=\"twitter:card\" content=\"summary_large_image\" \/>\n<meta name=\"twitter:label1\" content=\"\u0643\u064f\u062a\u0628 \u0628\u0648\u0627\u0633\u0637\u0629\" \/>\n\t<meta name=\"twitter:data1\" content=\"admin-secure\" \/>\n\t<meta name=\"twitter:label2\" content=\"\u0648\u0642\u062a \u0627\u0644\u0642\u0631\u0627\u0621\u0629 \u0627\u0644\u0645\u064f\u0642\u062f\u0651\u0631\" \/>\n\t<meta name=\"twitter:data2\" content=\"\u062f\u0642\u064a\u0642\u0629 \u0648\u0627\u062d\u062f\u0629\" \/>\n<script type=\"application\/ld+json\" class=\"yoast-schema-graph\">{\"@context\":\"https:\/\/schema.org\",\"@graph\":[{\"@type\":\"WebPage\",\"@id\":\"https:\/\/www.muratalikaravelioglu.com.tr\/paydasi-oldugumuz-kongre-istanbulda-duzenlendi\/\",\"url\":\"https:\/\/www.muratalikaravelioglu.com.tr\/paydasi-oldugumuz-kongre-istanbulda-duzenlendi\/\",\"name\":\"Payda\u015f\u0131 Oldu\u011fumuz Kongre \u0130stanbul\u2019da D\u00fczenlendi! - Prof. Dr. Murat Ali Karavelio\u011flu\",\"isPartOf\":{\"@id\":\"https:\/\/www.muratalikaravelioglu.com.tr\/#website\"},\"primaryImageOfPage\":{\"@id\":\"https:\/\/www.muratalikaravelioglu.com.tr\/paydasi-oldugumuz-kongre-istanbulda-duzenlendi\/#primaryimage\"},\"image\":{\"@id\":\"https:\/\/www.muratalikaravelioglu.com.tr\/paydasi-oldugumuz-kongre-istanbulda-duzenlendi\/#primaryimage\"},\"thumbnailUrl\":\"https:\/\/www.muratalikaravelioglu.com.tr\/wp-content\/uploads\/2022\/03\/Prof-Dr-Murat-Ali-Karavelio\u011flu.jpeg\",\"datePublished\":\"2022-03-21T18:08:29+00:00\",\"dateModified\":\"2025-09-01T11:53:32+00:00\",\"author\":{\"@id\":\"https:\/\/www.muratalikaravelioglu.com.tr\/#\/schema\/person\/71220960d2943c9c9e8efdc905c9b433\"},\"breadcrumb\":{\"@id\":\"https:\/\/www.muratalikaravelioglu.com.tr\/paydasi-oldugumuz-kongre-istanbulda-duzenlendi\/#breadcrumb\"},\"inLanguage\":\"ar\",\"potentialAction\":[{\"@type\":\"ReadAction\",\"target\":[\"https:\/\/www.muratalikaravelioglu.com.tr\/paydasi-oldugumuz-kongre-istanbulda-duzenlendi\/\"]}]},{\"@type\":\"ImageObject\",\"inLanguage\":\"ar\",\"@id\":\"https:\/\/www.muratalikaravelioglu.com.tr\/paydasi-oldugumuz-kongre-istanbulda-duzenlendi\/#primaryimage\",\"url\":\"https:\/\/www.muratalikaravelioglu.com.tr\/wp-content\/uploads\/2022\/03\/Prof-Dr-Murat-Ali-Karavelio\u011flu.jpeg\",\"contentUrl\":\"https:\/\/www.muratalikaravelioglu.com.tr\/wp-content\/uploads\/2022\/03\/Prof-Dr-Murat-Ali-Karavelio\u011flu.jpeg\",\"width\":1500,\"height\":999},{\"@type\":\"BreadcrumbList\",\"@id\":\"https:\/\/www.muratalikaravelioglu.com.tr\/paydasi-oldugumuz-kongre-istanbulda-duzenlendi\/#breadcrumb\",\"itemListElement\":[{\"@type\":\"ListItem\",\"position\":1,\"name\":\"Ana sayfa\",\"item\":\"https:\/\/www.muratalikaravelioglu.com.tr\/\"},{\"@type\":\"ListItem\",\"position\":2,\"name\":\"Payda\u015f\u0131 Oldu\u011fumuz Kongre \u0130stanbul\u2019da D\u00fczenlendi!\"}]},{\"@type\":\"WebSite\",\"@id\":\"https:\/\/www.muratalikaravelioglu.com.tr\/#website\",\"url\":\"https:\/\/www.muratalikaravelioglu.com.tr\/\",\"name\":\"Prof. Dr. Murat Ali Karavelio\u011flu\",\"description\":\"\",\"potentialAction\":[{\"@type\":\"SearchAction\",\"target\":{\"@type\":\"EntryPoint\",\"urlTemplate\":\"https:\/\/www.muratalikaravelioglu.com.tr\/?s={search_term_string}\"},\"query-input\":{\"@type\":\"PropertyValueSpecification\",\"valueRequired\":true,\"valueName\":\"search_term_string\"}}],\"inLanguage\":\"ar\"},{\"@type\":\"Person\",\"@id\":\"https:\/\/www.muratalikaravelioglu.com.tr\/#\/schema\/person\/71220960d2943c9c9e8efdc905c9b433\",\"name\":\"admin-secure\",\"image\":{\"@type\":\"ImageObject\",\"inLanguage\":\"ar\",\"@id\":\"https:\/\/www.muratalikaravelioglu.com.tr\/#\/schema\/person\/image\/\",\"url\":\"https:\/\/secure.gravatar.com\/avatar\/a64dc2d754a5ff1943b32f01bbee579901c565c1f49a91fb943b5ca23386451d?s=96&d=mm&r=g\",\"contentUrl\":\"https:\/\/secure.gravatar.com\/avatar\/a64dc2d754a5ff1943b32f01bbee579901c565c1f49a91fb943b5ca23386451d?s=96&d=mm&r=g\",\"caption\":\"admin-secure\"},\"url\":\"https:\/\/www.muratalikaravelioglu.com.tr\/ar\/author\/admin-secure\/\"}]}<\/script>\n<!-- \/ Yoast SEO Premium plugin. -->","yoast_head_json":{"title":"Payda\u015f\u0131 Oldu\u011fumuz Kongre \u0130stanbul\u2019da D\u00fczenlendi! - Prof. Dr. Murat Ali Karavelio\u011flu","robots":{"index":"index","follow":"follow","max-snippet":"max-snippet:-1","max-image-preview":"max-image-preview:large","max-video-preview":"max-video-preview:-1"},"canonical":"https:\/\/www.muratalikaravelioglu.com.tr\/ar\/paydasi-oldugumuz-kongre-istanbulda-duzenlendi\/","og_locale":"ar_AR","og_type":"article","og_title":"Payda\u015f\u0131 Oldu\u011fumuz Kongre \u0130stanbul\u2019da D\u00fczenlendi!","og_description":"Payda\u015f\u0131 Oldu\u011fumuz Kongre \u0130stanbul\u2019da D\u00fczenlendi! I\u011fd\u0131r \u00dcniversitesi ile Rimar Academy\u2019nin ortakla\u015fa d\u00fczenledi\u011fi \u20184. Uluslararas\u0131 Dil ve Edebiyat Kongresi\u2019 \u0130stanbul\u2019da ger\u00e7ekle\u015ftirildi. Farkl\u0131 \u00fclkelerden bir\u00e7ok bilim insan\u0131n\u0131n yer ald\u0131\u011f\u0131 \u20184. Uluslararas\u0131 Dil ve Edebiyat Kongresi\u2019 \u0130stanbul\u2019da yap\u0131ld\u0131. S\u00f6z konusu payda\u015f\u0131 oldu\u011fumuz kongrenin a\u00e7\u0131l\u0131\u015f t\u00f6renine \u00dcniversitemizi temsilen Fen Edebiyat Fak\u00fcltesi T\u00fcrk Dili ve Edebiyat\u0131 B\u00f6l\u00fcm\u00fc Ba\u015fkan\u0131 Prof. Dr. [...]","og_url":"https:\/\/www.muratalikaravelioglu.com.tr\/ar\/paydasi-oldugumuz-kongre-istanbulda-duzenlendi\/","og_site_name":"Prof. Dr. Murat Ali Karavelio\u011flu","article_published_time":"2022-03-21T18:08:29+00:00","article_modified_time":"2025-09-01T11:53:32+00:00","og_image":[{"width":1500,"height":999,"url":"https:\/\/www.muratalikaravelioglu.com.tr\/wp-content\/uploads\/2022\/03\/Prof-Dr-Murat-Ali-Karavelio\u011flu.jpeg","type":"image\/jpeg"}],"author":"admin-secure","twitter_card":"summary_large_image","twitter_misc":{"\u0643\u064f\u062a\u0628 \u0628\u0648\u0627\u0633\u0637\u0629":"admin-secure","\u0648\u0642\u062a \u0627\u0644\u0642\u0631\u0627\u0621\u0629 \u0627\u0644\u0645\u064f\u0642\u062f\u0651\u0631":"\u062f\u0642\u064a\u0642\u0629 \u0648\u0627\u062d\u062f\u0629"},"schema":{"@context":"https:\/\/schema.org","@graph":[{"@type":"WebPage","@id":"https:\/\/www.muratalikaravelioglu.com.tr\/paydasi-oldugumuz-kongre-istanbulda-duzenlendi\/","url":"https:\/\/www.muratalikaravelioglu.com.tr\/paydasi-oldugumuz-kongre-istanbulda-duzenlendi\/","name":"Payda\u015f\u0131 Oldu\u011fumuz Kongre \u0130stanbul\u2019da D\u00fczenlendi! - Prof. Dr. Murat Ali Karavelio\u011flu","isPartOf":{"@id":"https:\/\/www.muratalikaravelioglu.com.tr\/#website"},"primaryImageOfPage":{"@id":"https:\/\/www.muratalikaravelioglu.com.tr\/paydasi-oldugumuz-kongre-istanbulda-duzenlendi\/#primaryimage"},"image":{"@id":"https:\/\/www.muratalikaravelioglu.com.tr\/paydasi-oldugumuz-kongre-istanbulda-duzenlendi\/#primaryimage"},"thumbnailUrl":"https:\/\/www.muratalikaravelioglu.com.tr\/wp-content\/uploads\/2022\/03\/Prof-Dr-Murat-Ali-Karavelio\u011flu.jpeg","datePublished":"2022-03-21T18:08:29+00:00","dateModified":"2025-09-01T11:53:32+00:00","author":{"@id":"https:\/\/www.muratalikaravelioglu.com.tr\/#\/schema\/person\/71220960d2943c9c9e8efdc905c9b433"},"breadcrumb":{"@id":"https:\/\/www.muratalikaravelioglu.com.tr\/paydasi-oldugumuz-kongre-istanbulda-duzenlendi\/#breadcrumb"},"inLanguage":"ar","potentialAction":[{"@type":"ReadAction","target":["https:\/\/www.muratalikaravelioglu.com.tr\/paydasi-oldugumuz-kongre-istanbulda-duzenlendi\/"]}]},{"@type":"ImageObject","inLanguage":"ar","@id":"https:\/\/www.muratalikaravelioglu.com.tr\/paydasi-oldugumuz-kongre-istanbulda-duzenlendi\/#primaryimage","url":"https:\/\/www.muratalikaravelioglu.com.tr\/wp-content\/uploads\/2022\/03\/Prof-Dr-Murat-Ali-Karavelio\u011flu.jpeg","contentUrl":"https:\/\/www.muratalikaravelioglu.com.tr\/wp-content\/uploads\/2022\/03\/Prof-Dr-Murat-Ali-Karavelio\u011flu.jpeg","width":1500,"height":999},{"@type":"BreadcrumbList","@id":"https:\/\/www.muratalikaravelioglu.com.tr\/paydasi-oldugumuz-kongre-istanbulda-duzenlendi\/#breadcrumb","itemListElement":[{"@type":"ListItem","position":1,"name":"Ana sayfa","item":"https:\/\/www.muratalikaravelioglu.com.tr\/"},{"@type":"ListItem","position":2,"name":"Payda\u015f\u0131 Oldu\u011fumuz Kongre \u0130stanbul\u2019da D\u00fczenlendi!"}]},{"@type":"WebSite","@id":"https:\/\/www.muratalikaravelioglu.com.tr\/#website","url":"https:\/\/www.muratalikaravelioglu.com.tr\/","name":"\u0627\u0644\u0623\u0633\u062a\u0627\u0630 \u0627\u0644\u062f\u0643\u062a\u0648\u0631 \u0645\u0631\u0627\u062f \u0639\u0644\u064a \u0643\u0627\u0631\u0627\u0641\u064a\u0644\u064a \u0623\u0648\u063a\u0644\u0648","description":"","potentialAction":[{"@type":"SearchAction","target":{"@type":"EntryPoint","urlTemplate":"https:\/\/www.muratalikaravelioglu.com.tr\/?s={search_term_string}"},"query-input":{"@type":"PropertyValueSpecification","valueRequired":true,"valueName":"search_term_string"}}],"inLanguage":"ar"},{"@type":"Person","@id":"https:\/\/www.muratalikaravelioglu.com.tr\/#\/schema\/person\/71220960d2943c9c9e8efdc905c9b433","name":"admin-secure","image":{"@type":"ImageObject","inLanguage":"ar","@id":"https:\/\/www.muratalikaravelioglu.com.tr\/#\/schema\/person\/image\/","url":"https:\/\/secure.gravatar.com\/avatar\/a64dc2d754a5ff1943b32f01bbee579901c565c1f49a91fb943b5ca23386451d?s=96&d=mm&r=g","contentUrl":"https:\/\/secure.gravatar.com\/avatar\/a64dc2d754a5ff1943b32f01bbee579901c565c1f49a91fb943b5ca23386451d?s=96&d=mm&r=g","caption":"admin-secure"},"url":"https:\/\/www.muratalikaravelioglu.com.tr\/ar\/author\/admin-secure\/"}]}},"_links":{"self":[{"href":"https:\/\/www.muratalikaravelioglu.com.tr\/ar\/wp-json\/wp\/v2\/posts\/776","targetHints":{"allow":["GET"]}}],"collection":[{"href":"https:\/\/www.muratalikaravelioglu.com.tr\/ar\/wp-json\/wp\/v2\/posts"}],"about":[{"href":"https:\/\/www.muratalikaravelioglu.com.tr\/ar\/wp-json\/wp\/v2\/types\/post"}],"author":[{"embeddable":true,"href":"https:\/\/www.muratalikaravelioglu.com.tr\/ar\/wp-json\/wp\/v2\/users\/1"}],"replies":[{"embeddable":true,"href":"https:\/\/www.muratalikaravelioglu.com.tr\/ar\/wp-json\/wp\/v2\/comments?post=776"}],"version-history":[{"count":1,"href":"https:\/\/www.muratalikaravelioglu.com.tr\/ar\/wp-json\/wp\/v2\/posts\/776\/revisions"}],"predecessor-version":[{"id":778,"href":"https:\/\/www.muratalikaravelioglu.com.tr\/ar\/wp-json\/wp\/v2\/posts\/776\/revisions\/778"}],"wp:featuredmedia":[{"embeddable":true,"href":"https:\/\/www.muratalikaravelioglu.com.tr\/ar\/wp-json\/wp\/v2\/media\/777"}],"wp:attachment":[{"href":"https:\/\/www.muratalikaravelioglu.com.tr\/ar\/wp-json\/wp\/v2\/media?parent=776"}],"wp:term":[{"taxonomy":"category","embeddable":true,"href":"https:\/\/www.muratalikaravelioglu.com.tr\/ar\/wp-json\/wp\/v2\/categories?post=776"},{"taxonomy":"post_tag","embeddable":true,"href":"https:\/\/www.muratalikaravelioglu.com.tr\/ar\/wp-json\/wp\/v2\/tags?post=776"}],"curies":[{"name":"wp","href":"https:\/\/api.w.org\/{rel}","templated":true}]}}